{"id":32899,"date":"2026-04-15T15:44:36","date_gmt":"2026-04-15T13:44:36","guid":{"rendered":"https:\/\/www.gruppofabbri.com\/interpack-2026-nuovo-appuntamento-per-gruppo-fabbri\/"},"modified":"2026-04-30T16:27:39","modified_gmt":"2026-04-30T14:27:39","slug":"interpack-2026-nuovo-appuntamento-per-gruppo-fabbri","status":"publish","type":"post","link":"https:\/\/www.gruppofabbri.com\/fr\/interpack-2026-nuovo-appuntamento-per-gruppo-fabbri\/","title":{"rendered":"Interpack 2026 : un nouveau rendez-vous pour Fabbri Group"},"content":{"rendered":"<p style=\"text-align: center;\" data-start=\"608\" data-end=\"695\"><strong>INTERPACK 2026<\/strong><br data-start=\"626\" data-end=\"629\" \/><strong>07\u201313 mai 2026<\/strong><br data-start=\"643\" data-end=\"646\" \/><strong>Messe D\u00fcsseldorf \u2013 Stand Buergofol C71, Hall 10<\/strong><\/p>\n<p data-start=\"697\" data-end=\"823\">Fabbri Group vous attendent \u00e0 <strong>Interpack<\/strong>, le salon international de r\u00e9f\u00e9rence pour le processing et le packaging.<\/p>\n<p data-start=\"825\" data-end=\"1069\">Notre thermoscelleuse semi-automatique <strong><a href=\"https:\/\/www.gruppofabbri.com\/fr\/produits\/machines-demballage\/thermoscelleuses-semi-automatiques\/lari3-pn-vg\/\">Lari<\/a><\/strong>\u00a0sera la star de l\u2019\u00e9v\u00e9nement : une solution <strong>compacte et flexible<\/strong>, con\u00e7ue pour garantir une <strong>simplicit\u00e9 d\u2019utilisation maximale et des standards de qualit\u00e9 \u00e9lev\u00e9s<\/strong>. Lari a d\u00e9j\u00e0 \u00e9t\u00e9 choisie avec satisfaction par la cha\u00eene de distribution \u00ab\u00a0<strong data-start=\"280\" data-end=\"289\">Edeka\u00a0\u00bb<\/strong>.<\/p>\n<div class=\"text-base my-auto mx-auto [--thread-content-margin:var(--thread-content-margin-xs,calc(var(--spacing)*4))] @w-sm\/main:[--thread-content-margin:var(--thread-content-margin-sm,calc(var(--spacing)*6))] @w-lg\/main:[--thread-content-margin:var(--thread-content-margin-lg,calc(var(--spacing)*16))] px-(--thread-content-margin)\">\n<div class=\"[--thread-content-max-width:40rem] @w-lg\/main:[--thread-content-max-width:48rem] mx-auto max-w-(--thread-content-max-width) flex-1 group\/turn-messages focus-visible:outline-hidden relative flex w-full min-w-0 flex-col agent-turn\">\n<div class=\"z-0 flex min-h-[46px] justify-start\">\n<p>Notre \u00e9quipe sera \u00e0 votre disposition pour vous fournir toutes les informations n\u00e9cessaires et vous aider \u00e0 identifier la solution la mieux adapt\u00e9e \u00e0 vos besoins.<\/p>\n<p>Nous vous attendons nombreux !<\/p>\n<\/div>\n<\/div>\n<\/div>\n<p data-start=\"1103\" data-end=\"1208\" data-is-last-node=\"\" data-is-only-node=\"\">\u2192 Cliquez <strong><a href=\"https:\/\/www.gruppofabbri.com\/fr\/contacts\/\">ici<\/a> <\/strong>pour prendre rendez-vous d\u00e8s <strong>maintenant<\/strong><br data-start=\"1156\" data-end=\"1159\" \/>\u2192 D\u00e9couvrez <a href=\"https:\/\/www.gruppofabbri.com\/fr\/produits\/\">ici<\/a> l\u2019ensemble du <strong>portefeuille Fabbri<\/strong><\/p>\n","protected":false},"excerpt":{"rendered":"<p>INTERPACK 202607\u201313 mai 2026Messe D\u00fcsseldorf \u2013 Stand Buergofol C71, Hall 10 Fabbri Group vous attendent&#8230;<\/p>\n","protected":false},"author":2,"featured_media":32892,"comment_status":"closed","ping_status":"closed","sticky":false,"template":"","format":"standard","meta":{"footnotes":""},"categories":[186],"tags":[],"class_list":{"0":"post-32899","1":"post","2":"type-post","3":"status-publish","4":"format-standard","5":"has-post-thumbnail","7":"category-evenements"},"yoast_head":"<!-- This site is optimized with the Yoast SEO plugin v27.4 - https:\/\/yoast.com\/product\/yoast-seo-wordpress\/ -->\n<title>Interpack 2026 : un nouveau rendez-vous pour Fabbri Group - Gruppo Fabbri | Official WebSite<\/title>\n<meta name=\"robots\" content=\"index, follow, max-snippet:-1, max-image-preview:large, max-video-preview:-1\" \/>\n<link rel=\"canonical\" href=\"https:\/\/www.gruppofabbri.com\/fr\/interpack-2026-nuovo-appuntamento-per-gruppo-fabbri\/\" \/>\n<meta property=\"og:locale\" content=\"fr_FR\" \/>\n<meta property=\"og:type\" content=\"article\" \/>\n<meta property=\"og:title\" content=\"Interpack 2026 : un nouveau rendez-vous pour Fabbri Group - Gruppo Fabbri | Official WebSite\" \/>\n<meta property=\"og:description\" content=\"INTERPACK 202607\u201313 mai 2026Messe D\u00fcsseldorf \u2013 Stand Buergofol C71, Hall 10 Fabbri Group vous attendent...\" \/>\n<meta property=\"og:url\" content=\"https:\/\/www.gruppofabbri.com\/fr\/interpack-2026-nuovo-appuntamento-per-gruppo-fabbri\/\" \/>\n<meta property=\"og:site_name\" content=\"Gruppo Fabbri | Official WebSite\" \/>\n<meta property=\"article:published_time\" content=\"2026-04-15T13:44:36+00:00\" \/>\n<meta property=\"article:modified_time\" content=\"2026-04-30T14:27:39+00:00\" \/>\n<meta property=\"og:image\" content=\"https:\/\/www.gruppofabbri.com\/wp-content\/uploads\/2026\/04\/INTERPACK-2026-Fabbri_Group.png\" \/>\n\t<meta property=\"og:image:width\" content=\"1600\" \/>\n\t<meta property=\"og:image:height\" content=\"700\" \/>\n\t<meta property=\"og:image:type\" content=\"image\/png\" \/>\n<meta name=\"author\" content=\"Gruppo Fabbri\" \/>\n<meta name=\"twitter:card\" content=\"summary_large_image\" \/>\n<meta name=\"twitter:label1\" content=\"\u00c9crit par\" \/>\n\t<meta name=\"twitter:data1\" content=\"Gruppo Fabbri\" \/>\n\t<meta name=\"twitter:label2\" content=\"Dur\u00e9e de lecture estim\u00e9e\" \/>\n\t<meta name=\"twitter:data2\" content=\"1 minute\" \/>\n<script type=\"application\/ld+json\" class=\"yoast-schema-graph\">{\"@context\":\"https:\\\/\\\/schema.org\",\"@graph\":[{\"@type\":\"Article\",\"@id\":\"https:\\\/\\\/www.gruppofabbri.com\\\/fr\\\/interpack-2026-nuovo-appuntamento-per-gruppo-fabbri\\\/#article\",\"isPartOf\":{\"@id\":\"https:\\\/\\\/www.gruppofabbri.com\\\/fr\\\/interpack-2026-nuovo-appuntamento-per-gruppo-fabbri\\\/\"},\"author\":{\"name\":\"Gruppo Fabbri\",\"@id\":\"https:\\\/\\\/www.gruppofabbri.com\\\/fr\\\/#\\\/schema\\\/person\\\/33cf2b03fc6e44ac72f18d728fe1d8ef\"},\"headline\":\"Interpack 2026 : un nouveau rendez-vous pour Fabbri Group\",\"datePublished\":\"2026-04-15T13:44:36+00:00\",\"dateModified\":\"2026-04-30T14:27:39+00:00\",\"mainEntityOfPage\":{\"@id\":\"https:\\\/\\\/www.gruppofabbri.com\\\/fr\\\/interpack-2026-nuovo-appuntamento-per-gruppo-fabbri\\\/\"},\"wordCount\":126,\"image\":{\"@id\":\"https:\\\/\\\/www.gruppofabbri.com\\\/fr\\\/interpack-2026-nuovo-appuntamento-per-gruppo-fabbri\\\/#primaryimage\"},\"thumbnailUrl\":\"https:\\\/\\\/www.gruppofabbri.com\\\/wp-content\\\/uploads\\\/2026\\\/04\\\/INTERPACK-2026-Fabbri_Group.png\",\"articleSection\":[\"Ev\u00e9nements\"],\"inLanguage\":\"fr-FR\"},{\"@type\":\"WebPage\",\"@id\":\"https:\\\/\\\/www.gruppofabbri.com\\\/fr\\\/interpack-2026-nuovo-appuntamento-per-gruppo-fabbri\\\/\",\"url\":\"https:\\\/\\\/www.gruppofabbri.com\\\/fr\\\/interpack-2026-nuovo-appuntamento-per-gruppo-fabbri\\\/\",\"name\":\"Interpack 2026 : un nouveau rendez-vous pour Fabbri Group - Gruppo Fabbri | Official WebSite\",\"isPartOf\":{\"@id\":\"https:\\\/\\\/www.gruppofabbri.com\\\/fr\\\/#website\"},\"primaryImageOfPage\":{\"@id\":\"https:\\\/\\\/www.gruppofabbri.com\\\/fr\\\/interpack-2026-nuovo-appuntamento-per-gruppo-fabbri\\\/#primaryimage\"},\"image\":{\"@id\":\"https:\\\/\\\/www.gruppofabbri.com\\\/fr\\\/interpack-2026-nuovo-appuntamento-per-gruppo-fabbri\\\/#primaryimage\"},\"thumbnailUrl\":\"https:\\\/\\\/www.gruppofabbri.com\\\/wp-content\\\/uploads\\\/2026\\\/04\\\/INTERPACK-2026-Fabbri_Group.png\",\"datePublished\":\"2026-04-15T13:44:36+00:00\",\"dateModified\":\"2026-04-30T14:27:39+00:00\",\"author\":{\"@id\":\"https:\\\/\\\/www.gruppofabbri.com\\\/fr\\\/#\\\/schema\\\/person\\\/33cf2b03fc6e44ac72f18d728fe1d8ef\"},\"breadcrumb\":{\"@id\":\"https:\\\/\\\/www.gruppofabbri.com\\\/fr\\\/interpack-2026-nuovo-appuntamento-per-gruppo-fabbri\\\/#breadcrumb\"},\"inLanguage\":\"fr-FR\",\"potentialAction\":[{\"@type\":\"ReadAction\",\"target\":[\"https:\\\/\\\/www.gruppofabbri.com\\\/fr\\\/interpack-2026-nuovo-appuntamento-per-gruppo-fabbri\\\/\"]}]},{\"@type\":\"ImageObject\",\"inLanguage\":\"fr-FR\",\"@id\":\"https:\\\/\\\/www.gruppofabbri.com\\\/fr\\\/interpack-2026-nuovo-appuntamento-per-gruppo-fabbri\\\/#primaryimage\",\"url\":\"https:\\\/\\\/www.gruppofabbri.com\\\/wp-content\\\/uploads\\\/2026\\\/04\\\/INTERPACK-2026-Fabbri_Group.png\",\"contentUrl\":\"https:\\\/\\\/www.gruppofabbri.com\\\/wp-content\\\/uploads\\\/2026\\\/04\\\/INTERPACK-2026-Fabbri_Group.png\",\"width\":1600,\"height\":700},{\"@type\":\"BreadcrumbList\",\"@id\":\"https:\\\/\\\/www.gruppofabbri.com\\\/fr\\\/interpack-2026-nuovo-appuntamento-per-gruppo-fabbri\\\/#breadcrumb\",\"itemListElement\":[]},{\"@type\":\"WebSite\",\"@id\":\"https:\\\/\\\/www.gruppofabbri.com\\\/fr\\\/#website\",\"url\":\"https:\\\/\\\/www.gruppofabbri.com\\\/fr\\\/\",\"name\":\"Gruppo Fabbri | Official WebSite\",\"description\":\"Macchine e Film per l&#039;imballaggio e confezionamento alimentare\",\"potentialAction\":[{\"@type\":\"SearchAction\",\"target\":{\"@type\":\"EntryPoint\",\"urlTemplate\":\"https:\\\/\\\/www.gruppofabbri.com\\\/fr\\\/?s={search_term_string}\"},\"query-input\":{\"@type\":\"PropertyValueSpecification\",\"valueRequired\":true,\"valueName\":\"search_term_string\"}}],\"inLanguage\":\"fr-FR\"},{\"@type\":\"Person\",\"@id\":\"https:\\\/\\\/www.gruppofabbri.com\\\/fr\\\/#\\\/schema\\\/person\\\/33cf2b03fc6e44ac72f18d728fe1d8ef\",\"name\":\"Gruppo Fabbri\",\"image\":{\"@type\":\"ImageObject\",\"inLanguage\":\"fr-FR\",\"@id\":\"https:\\\/\\\/secure.gravatar.com\\\/avatar\\\/2ea20aed01c949fd936ec2931e3e3543103e3e295d2997c8091910f331d19d95?s=96&d=mm&r=g\",\"url\":\"https:\\\/\\\/secure.gravatar.com\\\/avatar\\\/2ea20aed01c949fd936ec2931e3e3543103e3e295d2997c8091910f331d19d95?s=96&d=mm&r=g\",\"contentUrl\":\"https:\\\/\\\/secure.gravatar.com\\\/avatar\\\/2ea20aed01c949fd936ec2931e3e3543103e3e295d2997c8091910f331d19d95?s=96&d=mm&r=g\",\"caption\":\"Gruppo Fabbri\"},\"url\":\"https:\\\/\\\/www.gruppofabbri.com\\\/fr\\\/author\\\/gruppo-fabbri\\\/\"}]}<\/script>\n<!-- \/ Yoast SEO plugin. -->","yoast_head_json":{"title":"Interpack 2026 : un nouveau rendez-vous pour Fabbri Group - Gruppo Fabbri | Official WebSite","robots":{"index":"index","follow":"follow","max-snippet":"max-snippet:-1","max-image-preview":"max-image-preview:large","max-video-preview":"max-video-preview:-1"},"canonical":"https:\/\/www.gruppofabbri.com\/fr\/interpack-2026-nuovo-appuntamento-per-gruppo-fabbri\/","og_locale":"fr_FR","og_type":"article","og_title":"Interpack 2026 : un nouveau rendez-vous pour Fabbri Group - Gruppo Fabbri | Official WebSite","og_description":"INTERPACK 202607\u201313 mai 2026Messe D\u00fcsseldorf \u2013 Stand Buergofol C71, Hall 10 Fabbri Group vous attendent...","og_url":"https:\/\/www.gruppofabbri.com\/fr\/interpack-2026-nuovo-appuntamento-per-gruppo-fabbri\/","og_site_name":"Gruppo Fabbri | Official WebSite","article_published_time":"2026-04-15T13:44:36+00:00","article_modified_time":"2026-04-30T14:27:39+00:00","og_image":[{"width":1600,"height":700,"url":"https:\/\/www.gruppofabbri.com\/wp-content\/uploads\/2026\/04\/INTERPACK-2026-Fabbri_Group.png","type":"image\/png"}],"author":"Gruppo Fabbri","twitter_card":"summary_large_image","twitter_misc":{"\u00c9crit par":"Gruppo Fabbri","Dur\u00e9e de lecture estim\u00e9e":"1 minute"},"schema":{"@context":"https:\/\/schema.org","@graph":[{"@type":"Article","@id":"https:\/\/www.gruppofabbri.com\/fr\/interpack-2026-nuovo-appuntamento-per-gruppo-fabbri\/#article","isPartOf":{"@id":"https:\/\/www.gruppofabbri.com\/fr\/interpack-2026-nuovo-appuntamento-per-gruppo-fabbri\/"},"author":{"name":"Gruppo Fabbri","@id":"https:\/\/www.gruppofabbri.com\/fr\/#\/schema\/person\/33cf2b03fc6e44ac72f18d728fe1d8ef"},"headline":"Interpack 2026 : un nouveau rendez-vous pour Fabbri Group","datePublished":"2026-04-15T13:44:36+00:00","dateModified":"2026-04-30T14:27:39+00:00","mainEntityOfPage":{"@id":"https:\/\/www.gruppofabbri.com\/fr\/interpack-2026-nuovo-appuntamento-per-gruppo-fabbri\/"},"wordCount":126,"image":{"@id":"https:\/\/www.gruppofabbri.com\/fr\/interpack-2026-nuovo-appuntamento-per-gruppo-fabbri\/#primaryimage"},"thumbnailUrl":"https:\/\/www.gruppofabbri.com\/wp-content\/uploads\/2026\/04\/INTERPACK-2026-Fabbri_Group.png","articleSection":["Ev\u00e9nements"],"inLanguage":"fr-FR"},{"@type":"WebPage","@id":"https:\/\/www.gruppofabbri.com\/fr\/interpack-2026-nuovo-appuntamento-per-gruppo-fabbri\/","url":"https:\/\/www.gruppofabbri.com\/fr\/interpack-2026-nuovo-appuntamento-per-gruppo-fabbri\/","name":"Interpack 2026 : un nouveau rendez-vous pour Fabbri Group - Gruppo Fabbri | Official WebSite","isPartOf":{"@id":"https:\/\/www.gruppofabbri.com\/fr\/#website"},"primaryImageOfPage":{"@id":"https:\/\/www.gruppofabbri.com\/fr\/interpack-2026-nuovo-appuntamento-per-gruppo-fabbri\/#primaryimage"},"image":{"@id":"https:\/\/www.gruppofabbri.com\/fr\/interpack-2026-nuovo-appuntamento-per-gruppo-fabbri\/#primaryimage"},"thumbnailUrl":"https:\/\/www.gruppofabbri.com\/wp-content\/uploads\/2026\/04\/INTERPACK-2026-Fabbri_Group.png","datePublished":"2026-04-15T13:44:36+00:00","dateModified":"2026-04-30T14:27:39+00:00","author":{"@id":"https:\/\/www.gruppofabbri.com\/fr\/#\/schema\/person\/33cf2b03fc6e44ac72f18d728fe1d8ef"},"breadcrumb":{"@id":"https:\/\/www.gruppofabbri.com\/fr\/interpack-2026-nuovo-appuntamento-per-gruppo-fabbri\/#breadcrumb"},"inLanguage":"fr-FR","potentialAction":[{"@type":"ReadAction","target":["https:\/\/www.gruppofabbri.com\/fr\/interpack-2026-nuovo-appuntamento-per-gruppo-fabbri\/"]}]},{"@type":"ImageObject","inLanguage":"fr-FR","@id":"https:\/\/www.gruppofabbri.com\/fr\/interpack-2026-nuovo-appuntamento-per-gruppo-fabbri\/#primaryimage","url":"https:\/\/www.gruppofabbri.com\/wp-content\/uploads\/2026\/04\/INTERPACK-2026-Fabbri_Group.png","contentUrl":"https:\/\/www.gruppofabbri.com\/wp-content\/uploads\/2026\/04\/INTERPACK-2026-Fabbri_Group.png","width":1600,"height":700},{"@type":"BreadcrumbList","@id":"https:\/\/www.gruppofabbri.com\/fr\/interpack-2026-nuovo-appuntamento-per-gruppo-fabbri\/#breadcrumb","itemListElement":[]},{"@type":"WebSite","@id":"https:\/\/www.gruppofabbri.com\/fr\/#website","url":"https:\/\/www.gruppofabbri.com\/fr\/","name":"Gruppo Fabbri | Official WebSite","description":"Macchine e Film per l&#039;imballaggio e confezionamento alimentare","potentialAction":[{"@type":"SearchAction","target":{"@type":"EntryPoint","urlTemplate":"https:\/\/www.gruppofabbri.com\/fr\/?s={search_term_string}"},"query-input":{"@type":"PropertyValueSpecification","valueRequired":true,"valueName":"search_term_string"}}],"inLanguage":"fr-FR"},{"@type":"Person","@id":"https:\/\/www.gruppofabbri.com\/fr\/#\/schema\/person\/33cf2b03fc6e44ac72f18d728fe1d8ef","name":"Gruppo Fabbri","image":{"@type":"ImageObject","inLanguage":"fr-FR","@id":"https:\/\/secure.gravatar.com\/avatar\/2ea20aed01c949fd936ec2931e3e3543103e3e295d2997c8091910f331d19d95?s=96&d=mm&r=g","url":"https:\/\/secure.gravatar.com\/avatar\/2ea20aed01c949fd936ec2931e3e3543103e3e295d2997c8091910f331d19d95?s=96&d=mm&r=g","contentUrl":"https:\/\/secure.gravatar.com\/avatar\/2ea20aed01c949fd936ec2931e3e3543103e3e295d2997c8091910f331d19d95?s=96&d=mm&r=g","caption":"Gruppo Fabbri"},"url":"https:\/\/www.gruppofabbri.com\/fr\/author\/gruppo-fabbri\/"}]}},"_links":{"self":[{"href":"https:\/\/www.gruppofabbri.com\/fr\/wp-json\/wp\/v2\/posts\/32899","targetHints":{"allow":["GET"]}}],"collection":[{"href":"https:\/\/www.gruppofabbri.com\/fr\/wp-json\/wp\/v2\/posts"}],"about":[{"href":"https:\/\/www.gruppofabbri.com\/fr\/wp-json\/wp\/v2\/types\/post"}],"author":[{"embeddable":true,"href":"https:\/\/www.gruppofabbri.com\/fr\/wp-json\/wp\/v2\/users\/2"}],"replies":[{"embeddable":true,"href":"https:\/\/www.gruppofabbri.com\/fr\/wp-json\/wp\/v2\/comments?post=32899"}],"version-history":[{"count":7,"href":"https:\/\/www.gruppofabbri.com\/fr\/wp-json\/wp\/v2\/posts\/32899\/revisions"}],"predecessor-version":[{"id":32958,"href":"https:\/\/www.gruppofabbri.com\/fr\/wp-json\/wp\/v2\/posts\/32899\/revisions\/32958"}],"wp:featuredmedia":[{"embeddable":true,"href":"https:\/\/www.gruppofabbri.com\/fr\/wp-json\/wp\/v2\/media\/32892"}],"wp:attachment":[{"href":"https:\/\/www.gruppofabbri.com\/fr\/wp-json\/wp\/v2\/media?parent=32899"}],"wp:term":[{"taxonomy":"category","embeddable":true,"href":"https:\/\/www.gruppofabbri.com\/fr\/wp-json\/wp\/v2\/categories?post=32899"},{"taxonomy":"post_tag","embeddable":true,"href":"https:\/\/www.gruppofabbri.com\/fr\/wp-json\/wp\/v2\/tags?post=32899"}],"curies":[{"name":"wp","href":"https:\/\/api.w.org\/{rel}","templated":true}]}}