{"id":27071,"date":"2023-11-20T08:48:00","date_gmt":"2023-11-20T07:48:00","guid":{"rendered":"https:\/\/www.gruppofabbri.com\/la-nuova-elixa-spc-21-in-esposizione-a-empack-2023\/"},"modified":"2023-11-22T12:14:52","modified_gmt":"2023-11-22T11:14:52","slug":"la-nuova-elixa-spc-21-in-esposizione-a-empack-2023","status":"publish","type":"post","link":"https:\/\/www.gruppofabbri.com\/fr\/la-nuova-elixa-spc-21-in-esposizione-a-empack-2023\/","title":{"rendered":"En Espagne, la nouvelle \u00ab\u00a0ELIXA SPC 21\u00a0\u00bb de Fabbri\/Bizerba expos\u00e9 \u00e0 l&rsquo;Empack 2023"},"content":{"rendered":"<p style=\"text-align: center;\"><strong>Empack 2023<\/strong><br \/>\n<strong>29-30 novembre 2023<\/strong><br \/>\n<strong>IFEMA, Madrid (Espagne) &#8211; Stand \u00ab\u00a0Bizerba\u00a0\u00bb n. 5E14<\/strong><\/p>\n<p>Bizerba et Fabbri Group\u00a0adressent une chaleureuse invitation \u00e0 tous les experts de l&rsquo;industrie, clients et partenaires \u00e0 l&rsquo;Empack 2023 pour d\u00e9couvrir la derni\u00e8re innovation issue de l&rsquo;accord r\u00e9cent entre ces deux partenaires mondiaux : la banderoleuse automatique Elixa SPC 21 int\u00e9grant un syst\u00e8me de Pesage-\u00c9tiquetage-\u00c9tiquetage haute performance.<\/p>\n<p>Sur le stand \u00ab\u00a0Bizerba\u00a0\u00bb, des d\u00e9monstrations en direct de l&rsquo;Elixa SPC 21 en action seront disponibles. Notre \u00e9quipe d&rsquo;experts sera ravie d&rsquo;en pr\u00e9senter les multiples fonctionnalit\u00e9s.<\/p>\n<p>\u2192 Cliquez <strong><a href=\"https:\/\/www.gruppofabbri.com\/fr\/contacts\/\">ici<\/a><\/strong> et contactez notre \u00e9quipe pour plus d&rsquo;informations<br \/>\n\u2192 D\u00e9couvrez le groupe et son offre compl\u00e8te sur la page de <strong><a href=\"https:\/\/www.gruppofabbri.com\/fr\/produits\/\">Nos produits<\/a><\/strong><\/p>\n","protected":false},"excerpt":{"rendered":"<p>Empack 2023 29-30 novembre 2023 IFEMA, Madrid (Espagne) &#8211; Stand \u00ab\u00a0Bizerba\u00a0\u00bb n. 5E14 Bizerba et&#8230;<\/p>\n","protected":false},"author":2,"featured_media":27066,"comment_status":"closed","ping_status":"open","sticky":false,"template":"","format":"standard","meta":{"footnotes":""},"categories":[186],"tags":[],"class_list":{"0":"post-27071","1":"post","2":"type-post","3":"status-publish","4":"format-standard","5":"has-post-thumbnail","7":"category-evenements"},"yoast_head":"<!-- This site is optimized with the Yoast SEO plugin v27.4 - https:\/\/yoast.com\/product\/yoast-seo-wordpress\/ -->\n<title>En Espagne, la nouvelle &quot;ELIXA SPC 21&quot; de Fabbri\/Bizerba expos\u00e9 \u00e0 l&#039;Empack 2023 - Gruppo Fabbri | Official WebSite<\/title>\n<meta name=\"robots\" content=\"index, follow, max-snippet:-1, max-image-preview:large, max-video-preview:-1\" \/>\n<link rel=\"canonical\" href=\"https:\/\/www.gruppofabbri.com\/fr\/la-nuova-elixa-spc-21-in-esposizione-a-empack-2023\/\" \/>\n<meta property=\"og:locale\" content=\"fr_FR\" \/>\n<meta property=\"og:type\" content=\"article\" \/>\n<meta property=\"og:title\" content=\"En Espagne, la nouvelle &quot;ELIXA SPC 21&quot; de Fabbri\/Bizerba expos\u00e9 \u00e0 l&#039;Empack 2023 - Gruppo Fabbri | Official WebSite\" \/>\n<meta property=\"og:description\" content=\"Empack 2023 29-30 novembre 2023 IFEMA, Madrid (Espagne) &#8211; Stand \u00ab\u00a0Bizerba\u00a0\u00bb n. 5E14 Bizerba et...\" \/>\n<meta property=\"og:url\" content=\"https:\/\/www.gruppofabbri.com\/fr\/la-nuova-elixa-spc-21-in-esposizione-a-empack-2023\/\" \/>\n<meta property=\"og:site_name\" content=\"Gruppo Fabbri | Official WebSite\" \/>\n<meta property=\"article:published_time\" content=\"2023-11-20T07:48:00+00:00\" \/>\n<meta property=\"article:modified_time\" content=\"2023-11-22T11:14:52+00:00\" \/>\n<meta property=\"og:image\" content=\"https:\/\/www.gruppofabbri.com\/wp-content\/uploads\/2023\/11\/EMPACK.png\" \/>\n\t<meta property=\"og:image:width\" content=\"1600\" \/>\n\t<meta property=\"og:image:height\" content=\"700\" \/>\n\t<meta property=\"og:image:type\" content=\"image\/png\" \/>\n<meta name=\"author\" content=\"Gruppo Fabbri\" \/>\n<meta name=\"twitter:card\" content=\"summary_large_image\" \/>\n<meta name=\"twitter:label1\" content=\"\u00c9crit par\" \/>\n\t<meta name=\"twitter:data1\" content=\"Gruppo Fabbri\" \/>\n\t<meta name=\"twitter:label2\" content=\"Dur\u00e9e de lecture estim\u00e9e\" \/>\n\t<meta name=\"twitter:data2\" content=\"1 minute\" \/>\n<script type=\"application\/ld+json\" class=\"yoast-schema-graph\">{\"@context\":\"https:\\\/\\\/schema.org\",\"@graph\":[{\"@type\":\"Article\",\"@id\":\"https:\\\/\\\/www.gruppofabbri.com\\\/fr\\\/la-nuova-elixa-spc-21-in-esposizione-a-empack-2023\\\/#article\",\"isPartOf\":{\"@id\":\"https:\\\/\\\/www.gruppofabbri.com\\\/fr\\\/la-nuova-elixa-spc-21-in-esposizione-a-empack-2023\\\/\"},\"author\":{\"name\":\"Gruppo Fabbri\",\"@id\":\"https:\\\/\\\/www.gruppofabbri.com\\\/fr\\\/#\\\/schema\\\/person\\\/33cf2b03fc6e44ac72f18d728fe1d8ef\"},\"headline\":\"En Espagne, la nouvelle \u00ab\u00a0ELIXA SPC 21\u00a0\u00bb de Fabbri\\\/Bizerba expos\u00e9 \u00e0 l&rsquo;Empack 2023\",\"datePublished\":\"2023-11-20T07:48:00+00:00\",\"dateModified\":\"2023-11-22T11:14:52+00:00\",\"mainEntityOfPage\":{\"@id\":\"https:\\\/\\\/www.gruppofabbri.com\\\/fr\\\/la-nuova-elixa-spc-21-in-esposizione-a-empack-2023\\\/\"},\"wordCount\":132,\"image\":{\"@id\":\"https:\\\/\\\/www.gruppofabbri.com\\\/fr\\\/la-nuova-elixa-spc-21-in-esposizione-a-empack-2023\\\/#primaryimage\"},\"thumbnailUrl\":\"https:\\\/\\\/www.gruppofabbri.com\\\/wp-content\\\/uploads\\\/2023\\\/11\\\/EMPACK.png\",\"articleSection\":[\"Ev\u00e9nements\"],\"inLanguage\":\"fr-FR\"},{\"@type\":\"WebPage\",\"@id\":\"https:\\\/\\\/www.gruppofabbri.com\\\/fr\\\/la-nuova-elixa-spc-21-in-esposizione-a-empack-2023\\\/\",\"url\":\"https:\\\/\\\/www.gruppofabbri.com\\\/fr\\\/la-nuova-elixa-spc-21-in-esposizione-a-empack-2023\\\/\",\"name\":\"En Espagne, la nouvelle \\\"ELIXA SPC 21\\\" de Fabbri\\\/Bizerba expos\u00e9 \u00e0 l'Empack 2023 - Gruppo Fabbri | Official WebSite\",\"isPartOf\":{\"@id\":\"https:\\\/\\\/www.gruppofabbri.com\\\/fr\\\/#website\"},\"primaryImageOfPage\":{\"@id\":\"https:\\\/\\\/www.gruppofabbri.com\\\/fr\\\/la-nuova-elixa-spc-21-in-esposizione-a-empack-2023\\\/#primaryimage\"},\"image\":{\"@id\":\"https:\\\/\\\/www.gruppofabbri.com\\\/fr\\\/la-nuova-elixa-spc-21-in-esposizione-a-empack-2023\\\/#primaryimage\"},\"thumbnailUrl\":\"https:\\\/\\\/www.gruppofabbri.com\\\/wp-content\\\/uploads\\\/2023\\\/11\\\/EMPACK.png\",\"datePublished\":\"2023-11-20T07:48:00+00:00\",\"dateModified\":\"2023-11-22T11:14:52+00:00\",\"author\":{\"@id\":\"https:\\\/\\\/www.gruppofabbri.com\\\/fr\\\/#\\\/schema\\\/person\\\/33cf2b03fc6e44ac72f18d728fe1d8ef\"},\"breadcrumb\":{\"@id\":\"https:\\\/\\\/www.gruppofabbri.com\\\/fr\\\/la-nuova-elixa-spc-21-in-esposizione-a-empack-2023\\\/#breadcrumb\"},\"inLanguage\":\"fr-FR\",\"potentialAction\":[{\"@type\":\"ReadAction\",\"target\":[\"https:\\\/\\\/www.gruppofabbri.com\\\/fr\\\/la-nuova-elixa-spc-21-in-esposizione-a-empack-2023\\\/\"]}]},{\"@type\":\"ImageObject\",\"inLanguage\":\"fr-FR\",\"@id\":\"https:\\\/\\\/www.gruppofabbri.com\\\/fr\\\/la-nuova-elixa-spc-21-in-esposizione-a-empack-2023\\\/#primaryimage\",\"url\":\"https:\\\/\\\/www.gruppofabbri.com\\\/wp-content\\\/uploads\\\/2023\\\/11\\\/EMPACK.png\",\"contentUrl\":\"https:\\\/\\\/www.gruppofabbri.com\\\/wp-content\\\/uploads\\\/2023\\\/11\\\/EMPACK.png\",\"width\":1600,\"height\":700},{\"@type\":\"BreadcrumbList\",\"@id\":\"https:\\\/\\\/www.gruppofabbri.com\\\/fr\\\/la-nuova-elixa-spc-21-in-esposizione-a-empack-2023\\\/#breadcrumb\",\"itemListElement\":[]},{\"@type\":\"WebSite\",\"@id\":\"https:\\\/\\\/www.gruppofabbri.com\\\/fr\\\/#website\",\"url\":\"https:\\\/\\\/www.gruppofabbri.com\\\/fr\\\/\",\"name\":\"Gruppo Fabbri | Official WebSite\",\"description\":\"Macchine e Film per l&#039;imballaggio e confezionamento alimentare\",\"potentialAction\":[{\"@type\":\"SearchAction\",\"target\":{\"@type\":\"EntryPoint\",\"urlTemplate\":\"https:\\\/\\\/www.gruppofabbri.com\\\/fr\\\/?s={search_term_string}\"},\"query-input\":{\"@type\":\"PropertyValueSpecification\",\"valueRequired\":true,\"valueName\":\"search_term_string\"}}],\"inLanguage\":\"fr-FR\"},{\"@type\":\"Person\",\"@id\":\"https:\\\/\\\/www.gruppofabbri.com\\\/fr\\\/#\\\/schema\\\/person\\\/33cf2b03fc6e44ac72f18d728fe1d8ef\",\"name\":\"Gruppo Fabbri\",\"image\":{\"@type\":\"ImageObject\",\"inLanguage\":\"fr-FR\",\"@id\":\"https:\\\/\\\/secure.gravatar.com\\\/avatar\\\/2ea20aed01c949fd936ec2931e3e3543103e3e295d2997c8091910f331d19d95?s=96&d=mm&r=g\",\"url\":\"https:\\\/\\\/secure.gravatar.com\\\/avatar\\\/2ea20aed01c949fd936ec2931e3e3543103e3e295d2997c8091910f331d19d95?s=96&d=mm&r=g\",\"contentUrl\":\"https:\\\/\\\/secure.gravatar.com\\\/avatar\\\/2ea20aed01c949fd936ec2931e3e3543103e3e295d2997c8091910f331d19d95?s=96&d=mm&r=g\",\"caption\":\"Gruppo Fabbri\"},\"url\":\"https:\\\/\\\/www.gruppofabbri.com\\\/fr\\\/author\\\/gruppo-fabbri\\\/\"}]}<\/script>\n<!-- \/ Yoast SEO plugin. -->","yoast_head_json":{"title":"En Espagne, la nouvelle \"ELIXA SPC 21\" de Fabbri\/Bizerba expos\u00e9 \u00e0 l'Empack 2023 - Gruppo Fabbri | Official WebSite","robots":{"index":"index","follow":"follow","max-snippet":"max-snippet:-1","max-image-preview":"max-image-preview:large","max-video-preview":"max-video-preview:-1"},"canonical":"https:\/\/www.gruppofabbri.com\/fr\/la-nuova-elixa-spc-21-in-esposizione-a-empack-2023\/","og_locale":"fr_FR","og_type":"article","og_title":"En Espagne, la nouvelle \"ELIXA SPC 21\" de Fabbri\/Bizerba expos\u00e9 \u00e0 l'Empack 2023 - Gruppo Fabbri | Official WebSite","og_description":"Empack 2023 29-30 novembre 2023 IFEMA, Madrid (Espagne) &#8211; Stand \u00ab\u00a0Bizerba\u00a0\u00bb n. 5E14 Bizerba et...","og_url":"https:\/\/www.gruppofabbri.com\/fr\/la-nuova-elixa-spc-21-in-esposizione-a-empack-2023\/","og_site_name":"Gruppo Fabbri | Official WebSite","article_published_time":"2023-11-20T07:48:00+00:00","article_modified_time":"2023-11-22T11:14:52+00:00","og_image":[{"width":1600,"height":700,"url":"https:\/\/www.gruppofabbri.com\/wp-content\/uploads\/2023\/11\/EMPACK.png","type":"image\/png"}],"author":"Gruppo Fabbri","twitter_card":"summary_large_image","twitter_misc":{"\u00c9crit par":"Gruppo Fabbri","Dur\u00e9e de lecture estim\u00e9e":"1 minute"},"schema":{"@context":"https:\/\/schema.org","@graph":[{"@type":"Article","@id":"https:\/\/www.gruppofabbri.com\/fr\/la-nuova-elixa-spc-21-in-esposizione-a-empack-2023\/#article","isPartOf":{"@id":"https:\/\/www.gruppofabbri.com\/fr\/la-nuova-elixa-spc-21-in-esposizione-a-empack-2023\/"},"author":{"name":"Gruppo Fabbri","@id":"https:\/\/www.gruppofabbri.com\/fr\/#\/schema\/person\/33cf2b03fc6e44ac72f18d728fe1d8ef"},"headline":"En Espagne, la nouvelle \u00ab\u00a0ELIXA SPC 21\u00a0\u00bb de Fabbri\/Bizerba expos\u00e9 \u00e0 l&rsquo;Empack 2023","datePublished":"2023-11-20T07:48:00+00:00","dateModified":"2023-11-22T11:14:52+00:00","mainEntityOfPage":{"@id":"https:\/\/www.gruppofabbri.com\/fr\/la-nuova-elixa-spc-21-in-esposizione-a-empack-2023\/"},"wordCount":132,"image":{"@id":"https:\/\/www.gruppofabbri.com\/fr\/la-nuova-elixa-spc-21-in-esposizione-a-empack-2023\/#primaryimage"},"thumbnailUrl":"https:\/\/www.gruppofabbri.com\/wp-content\/uploads\/2023\/11\/EMPACK.png","articleSection":["Ev\u00e9nements"],"inLanguage":"fr-FR"},{"@type":"WebPage","@id":"https:\/\/www.gruppofabbri.com\/fr\/la-nuova-elixa-spc-21-in-esposizione-a-empack-2023\/","url":"https:\/\/www.gruppofabbri.com\/fr\/la-nuova-elixa-spc-21-in-esposizione-a-empack-2023\/","name":"En Espagne, la nouvelle \"ELIXA SPC 21\" de Fabbri\/Bizerba expos\u00e9 \u00e0 l'Empack 2023 - Gruppo Fabbri | Official WebSite","isPartOf":{"@id":"https:\/\/www.gruppofabbri.com\/fr\/#website"},"primaryImageOfPage":{"@id":"https:\/\/www.gruppofabbri.com\/fr\/la-nuova-elixa-spc-21-in-esposizione-a-empack-2023\/#primaryimage"},"image":{"@id":"https:\/\/www.gruppofabbri.com\/fr\/la-nuova-elixa-spc-21-in-esposizione-a-empack-2023\/#primaryimage"},"thumbnailUrl":"https:\/\/www.gruppofabbri.com\/wp-content\/uploads\/2023\/11\/EMPACK.png","datePublished":"2023-11-20T07:48:00+00:00","dateModified":"2023-11-22T11:14:52+00:00","author":{"@id":"https:\/\/www.gruppofabbri.com\/fr\/#\/schema\/person\/33cf2b03fc6e44ac72f18d728fe1d8ef"},"breadcrumb":{"@id":"https:\/\/www.gruppofabbri.com\/fr\/la-nuova-elixa-spc-21-in-esposizione-a-empack-2023\/#breadcrumb"},"inLanguage":"fr-FR","potentialAction":[{"@type":"ReadAction","target":["https:\/\/www.gruppofabbri.com\/fr\/la-nuova-elixa-spc-21-in-esposizione-a-empack-2023\/"]}]},{"@type":"ImageObject","inLanguage":"fr-FR","@id":"https:\/\/www.gruppofabbri.com\/fr\/la-nuova-elixa-spc-21-in-esposizione-a-empack-2023\/#primaryimage","url":"https:\/\/www.gruppofabbri.com\/wp-content\/uploads\/2023\/11\/EMPACK.png","contentUrl":"https:\/\/www.gruppofabbri.com\/wp-content\/uploads\/2023\/11\/EMPACK.png","width":1600,"height":700},{"@type":"BreadcrumbList","@id":"https:\/\/www.gruppofabbri.com\/fr\/la-nuova-elixa-spc-21-in-esposizione-a-empack-2023\/#breadcrumb","itemListElement":[]},{"@type":"WebSite","@id":"https:\/\/www.gruppofabbri.com\/fr\/#website","url":"https:\/\/www.gruppofabbri.com\/fr\/","name":"Gruppo Fabbri | Official WebSite","description":"Macchine e Film per l&#039;imballaggio e confezionamento alimentare","potentialAction":[{"@type":"SearchAction","target":{"@type":"EntryPoint","urlTemplate":"https:\/\/www.gruppofabbri.com\/fr\/?s={search_term_string}"},"query-input":{"@type":"PropertyValueSpecification","valueRequired":true,"valueName":"search_term_string"}}],"inLanguage":"fr-FR"},{"@type":"Person","@id":"https:\/\/www.gruppofabbri.com\/fr\/#\/schema\/person\/33cf2b03fc6e44ac72f18d728fe1d8ef","name":"Gruppo Fabbri","image":{"@type":"ImageObject","inLanguage":"fr-FR","@id":"https:\/\/secure.gravatar.com\/avatar\/2ea20aed01c949fd936ec2931e3e3543103e3e295d2997c8091910f331d19d95?s=96&d=mm&r=g","url":"https:\/\/secure.gravatar.com\/avatar\/2ea20aed01c949fd936ec2931e3e3543103e3e295d2997c8091910f331d19d95?s=96&d=mm&r=g","contentUrl":"https:\/\/secure.gravatar.com\/avatar\/2ea20aed01c949fd936ec2931e3e3543103e3e295d2997c8091910f331d19d95?s=96&d=mm&r=g","caption":"Gruppo Fabbri"},"url":"https:\/\/www.gruppofabbri.com\/fr\/author\/gruppo-fabbri\/"}]}},"_links":{"self":[{"href":"https:\/\/www.gruppofabbri.com\/fr\/wp-json\/wp\/v2\/posts\/27071","targetHints":{"allow":["GET"]}}],"collection":[{"href":"https:\/\/www.gruppofabbri.com\/fr\/wp-json\/wp\/v2\/posts"}],"about":[{"href":"https:\/\/www.gruppofabbri.com\/fr\/wp-json\/wp\/v2\/types\/post"}],"author":[{"embeddable":true,"href":"https:\/\/www.gruppofabbri.com\/fr\/wp-json\/wp\/v2\/users\/2"}],"replies":[{"embeddable":true,"href":"https:\/\/www.gruppofabbri.com\/fr\/wp-json\/wp\/v2\/comments?post=27071"}],"version-history":[{"count":3,"href":"https:\/\/www.gruppofabbri.com\/fr\/wp-json\/wp\/v2\/posts\/27071\/revisions"}],"predecessor-version":[{"id":27087,"href":"https:\/\/www.gruppofabbri.com\/fr\/wp-json\/wp\/v2\/posts\/27071\/revisions\/27087"}],"wp:featuredmedia":[{"embeddable":true,"href":"https:\/\/www.gruppofabbri.com\/fr\/wp-json\/wp\/v2\/media\/27066"}],"wp:attachment":[{"href":"https:\/\/www.gruppofabbri.com\/fr\/wp-json\/wp\/v2\/media?parent=27071"}],"wp:term":[{"taxonomy":"category","embeddable":true,"href":"https:\/\/www.gruppofabbri.com\/fr\/wp-json\/wp\/v2\/categories?post=27071"},{"taxonomy":"post_tag","embeddable":true,"href":"https:\/\/www.gruppofabbri.com\/fr\/wp-json\/wp\/v2\/tags?post=27071"}],"curies":[{"name":"wp","href":"https:\/\/api.w.org\/{rel}","templated":true}]}}