{"id":25706,"date":"2023-05-16T11:35:32","date_gmt":"2023-05-16T09:35:32","guid":{"rendered":"https:\/\/www.gruppofabbri.com\/fabbri-the-world-bee-day-20-may\/"},"modified":"2023-05-18T11:11:45","modified_gmt":"2023-05-18T09:11:45","slug":"fabbri-the-world-bee-day-20-may","status":"publish","type":"post","link":"https:\/\/www.gruppofabbri.com\/fr\/fabbri-the-world-bee-day-20-may\/","title":{"rendered":"Fabbri et la Journ\u00e9e Mondiale de l&rsquo;Abeille (20 Mai)"},"content":{"rendered":"<p>20.05.2023 &#8211; Nous c\u00e9l\u00e9brons aujourd&rsquo;hui la <strong>Journ\u00e9e Mondiale de l&rsquo;Abeille<\/strong>, con\u00e7ue par les Nations Unies pour sensibiliser \u00e0 l&rsquo;importance de ces insectes pollinisateurs que sont les abeilles, aux menaces qui p\u00e8sent sur elles et \u00e0 leur contribution au d\u00e9veloppement durable et \u00e0 l&rsquo;avenir de la Plan\u00e8te.<\/p>\n<p>Fabbri Group s&rsquo;engage activement dans ce domaine. Gr\u00e2ce au projet \u201c<strong><a href=\"https:\/\/www.3bee.com\/fr\/owner\/fabbri-group\/\" target=\"_blank\" rel=\"noopener\">Bee Way \u2013 Fabbri 4 Planet<\/a><\/strong>\u201d, nous contribuons \u00e0 ce que :<\/p>\n<ul>\n<li>300 000 abeilles prot\u00e9g\u00e9es<\/li>\n<li>300 millions de fleurs pollinis\u00e9es<\/li>\n<\/ul>\n<p style=\"text-align: center;\"><em>\u201c<strong>Conserver sans gaspiller<\/strong>\u201d est notre devise et nous faisons de notre mieux pour sauvegarder la Terre et les \u00eatres vivants.<\/em><br \/>\n<em>Les abeilles sont un tr\u00e9sor dont d\u00e9pend la vie de toute la Plan\u00e8te.<\/em><br \/>\n<em>\u201c<strong>Bee Way &#8211; Fabbri 4 Planet<\/strong>\u201d \u00a0est le projet que nous avons r\u00e9alis\u00e9 avec 3Bee pour la protection et la pr\u00e9servation de l&rsquo;environnement.<\/em><br \/>\n<em>(Stefano Pellegatta, PDG du Fabbri Group)<\/em><\/p>\n<p>Pour lire l&rsquo;interview de 3Bee \u00e0 Stefano Pellegatta, CEO Fabbri Group, cliquer <a href=\"https:\/\/blog.3bee.com\/en\/Fabbri-group-sustainable-future\/\" target=\"_blank\" rel=\"noopener\">ici<\/a>.<\/p>\n","protected":false},"excerpt":{"rendered":"<p>20.05.2023 &#8211; Nous c\u00e9l\u00e9brons aujourd&rsquo;hui la Journ\u00e9e Mondiale de l&rsquo;Abeille, con\u00e7ue par les Nations Unies&#8230;<\/p>\n","protected":false},"author":2,"featured_media":25702,"comment_status":"closed","ping_status":"open","sticky":false,"template":"","format":"standard","meta":{"footnotes":""},"categories":[184],"tags":[],"class_list":{"0":"post-25706","1":"post","2":"type-post","3":"status-publish","4":"format-standard","5":"has-post-thumbnail","7":"category-esg-fr"},"yoast_head":"<!-- This site is optimized with the Yoast SEO plugin v27.4 - https:\/\/yoast.com\/product\/yoast-seo-wordpress\/ -->\n<title>Fabbri et la Journ\u00e9e Mondiale de l&#039;Abeille (20 Mai) - Gruppo Fabbri | Official WebSite<\/title>\n<meta name=\"robots\" content=\"index, follow, max-snippet:-1, max-image-preview:large, max-video-preview:-1\" \/>\n<link rel=\"canonical\" href=\"https:\/\/www.gruppofabbri.com\/fr\/fabbri-the-world-bee-day-20-may\/\" \/>\n<meta property=\"og:locale\" content=\"fr_FR\" \/>\n<meta property=\"og:type\" content=\"article\" \/>\n<meta property=\"og:title\" content=\"Fabbri et la Journ\u00e9e Mondiale de l&#039;Abeille (20 Mai) - Gruppo Fabbri | Official WebSite\" \/>\n<meta property=\"og:description\" content=\"20.05.2023 &#8211; Nous c\u00e9l\u00e9brons aujourd&rsquo;hui la Journ\u00e9e Mondiale de l&rsquo;Abeille, con\u00e7ue par les Nations Unies...\" \/>\n<meta property=\"og:url\" content=\"https:\/\/www.gruppofabbri.com\/fr\/fabbri-the-world-bee-day-20-may\/\" \/>\n<meta property=\"og:site_name\" content=\"Gruppo Fabbri | Official WebSite\" \/>\n<meta property=\"article:published_time\" content=\"2023-05-16T09:35:32+00:00\" \/>\n<meta property=\"article:modified_time\" content=\"2023-05-18T09:11:45+00:00\" \/>\n<meta property=\"og:image\" content=\"https:\/\/www.gruppofabbri.com\/wp-content\/uploads\/2023\/05\/Fabbri_Group-3BEE-Bee_Way-Fabbri4Planet-1.png\" \/>\n\t<meta property=\"og:image:width\" content=\"1600\" \/>\n\t<meta property=\"og:image:height\" content=\"700\" \/>\n\t<meta property=\"og:image:type\" content=\"image\/png\" \/>\n<meta name=\"author\" content=\"Gruppo Fabbri\" \/>\n<meta name=\"twitter:card\" content=\"summary_large_image\" \/>\n<meta name=\"twitter:label1\" content=\"\u00c9crit par\" \/>\n\t<meta name=\"twitter:data1\" content=\"Gruppo Fabbri\" \/>\n\t<meta name=\"twitter:label2\" content=\"Dur\u00e9e de lecture estim\u00e9e\" \/>\n\t<meta name=\"twitter:data2\" content=\"1 minute\" \/>\n<script type=\"application\/ld+json\" class=\"yoast-schema-graph\">{\"@context\":\"https:\\\/\\\/schema.org\",\"@graph\":[{\"@type\":\"Article\",\"@id\":\"https:\\\/\\\/www.gruppofabbri.com\\\/fr\\\/fabbri-the-world-bee-day-20-may\\\/#article\",\"isPartOf\":{\"@id\":\"https:\\\/\\\/www.gruppofabbri.com\\\/fr\\\/fabbri-the-world-bee-day-20-may\\\/\"},\"author\":{\"name\":\"Gruppo Fabbri\",\"@id\":\"https:\\\/\\\/www.gruppofabbri.com\\\/fr\\\/#\\\/schema\\\/person\\\/33cf2b03fc6e44ac72f18d728fe1d8ef\"},\"headline\":\"Fabbri et la Journ\u00e9e Mondiale de l&rsquo;Abeille (20 Mai)\",\"datePublished\":\"2023-05-16T09:35:32+00:00\",\"dateModified\":\"2023-05-18T09:11:45+00:00\",\"mainEntityOfPage\":{\"@id\":\"https:\\\/\\\/www.gruppofabbri.com\\\/fr\\\/fabbri-the-world-bee-day-20-may\\\/\"},\"wordCount\":172,\"image\":{\"@id\":\"https:\\\/\\\/www.gruppofabbri.com\\\/fr\\\/fabbri-the-world-bee-day-20-may\\\/#primaryimage\"},\"thumbnailUrl\":\"https:\\\/\\\/www.gruppofabbri.com\\\/wp-content\\\/uploads\\\/2023\\\/05\\\/Fabbri_Group-3BEE-Bee_Way-Fabbri4Planet-1.png\",\"articleSection\":[\"ESG\"],\"inLanguage\":\"fr-FR\"},{\"@type\":\"WebPage\",\"@id\":\"https:\\\/\\\/www.gruppofabbri.com\\\/fr\\\/fabbri-the-world-bee-day-20-may\\\/\",\"url\":\"https:\\\/\\\/www.gruppofabbri.com\\\/fr\\\/fabbri-the-world-bee-day-20-may\\\/\",\"name\":\"Fabbri et la Journ\u00e9e Mondiale de l'Abeille (20 Mai) - Gruppo Fabbri | Official WebSite\",\"isPartOf\":{\"@id\":\"https:\\\/\\\/www.gruppofabbri.com\\\/fr\\\/#website\"},\"primaryImageOfPage\":{\"@id\":\"https:\\\/\\\/www.gruppofabbri.com\\\/fr\\\/fabbri-the-world-bee-day-20-may\\\/#primaryimage\"},\"image\":{\"@id\":\"https:\\\/\\\/www.gruppofabbri.com\\\/fr\\\/fabbri-the-world-bee-day-20-may\\\/#primaryimage\"},\"thumbnailUrl\":\"https:\\\/\\\/www.gruppofabbri.com\\\/wp-content\\\/uploads\\\/2023\\\/05\\\/Fabbri_Group-3BEE-Bee_Way-Fabbri4Planet-1.png\",\"datePublished\":\"2023-05-16T09:35:32+00:00\",\"dateModified\":\"2023-05-18T09:11:45+00:00\",\"author\":{\"@id\":\"https:\\\/\\\/www.gruppofabbri.com\\\/fr\\\/#\\\/schema\\\/person\\\/33cf2b03fc6e44ac72f18d728fe1d8ef\"},\"breadcrumb\":{\"@id\":\"https:\\\/\\\/www.gruppofabbri.com\\\/fr\\\/fabbri-the-world-bee-day-20-may\\\/#breadcrumb\"},\"inLanguage\":\"fr-FR\",\"potentialAction\":[{\"@type\":\"ReadAction\",\"target\":[\"https:\\\/\\\/www.gruppofabbri.com\\\/fr\\\/fabbri-the-world-bee-day-20-may\\\/\"]}]},{\"@type\":\"ImageObject\",\"inLanguage\":\"fr-FR\",\"@id\":\"https:\\\/\\\/www.gruppofabbri.com\\\/fr\\\/fabbri-the-world-bee-day-20-may\\\/#primaryimage\",\"url\":\"https:\\\/\\\/www.gruppofabbri.com\\\/wp-content\\\/uploads\\\/2023\\\/05\\\/Fabbri_Group-3BEE-Bee_Way-Fabbri4Planet-1.png\",\"contentUrl\":\"https:\\\/\\\/www.gruppofabbri.com\\\/wp-content\\\/uploads\\\/2023\\\/05\\\/Fabbri_Group-3BEE-Bee_Way-Fabbri4Planet-1.png\",\"width\":1600,\"height\":700},{\"@type\":\"BreadcrumbList\",\"@id\":\"https:\\\/\\\/www.gruppofabbri.com\\\/fr\\\/fabbri-the-world-bee-day-20-may\\\/#breadcrumb\",\"itemListElement\":[]},{\"@type\":\"WebSite\",\"@id\":\"https:\\\/\\\/www.gruppofabbri.com\\\/fr\\\/#website\",\"url\":\"https:\\\/\\\/www.gruppofabbri.com\\\/fr\\\/\",\"name\":\"Gruppo Fabbri | Official WebSite\",\"description\":\"Macchine e Film per l&#039;imballaggio e confezionamento alimentare\",\"potentialAction\":[{\"@type\":\"SearchAction\",\"target\":{\"@type\":\"EntryPoint\",\"urlTemplate\":\"https:\\\/\\\/www.gruppofabbri.com\\\/fr\\\/?s={search_term_string}\"},\"query-input\":{\"@type\":\"PropertyValueSpecification\",\"valueRequired\":true,\"valueName\":\"search_term_string\"}}],\"inLanguage\":\"fr-FR\"},{\"@type\":\"Person\",\"@id\":\"https:\\\/\\\/www.gruppofabbri.com\\\/fr\\\/#\\\/schema\\\/person\\\/33cf2b03fc6e44ac72f18d728fe1d8ef\",\"name\":\"Gruppo Fabbri\",\"image\":{\"@type\":\"ImageObject\",\"inLanguage\":\"fr-FR\",\"@id\":\"https:\\\/\\\/secure.gravatar.com\\\/avatar\\\/2ea20aed01c949fd936ec2931e3e3543103e3e295d2997c8091910f331d19d95?s=96&d=mm&r=g\",\"url\":\"https:\\\/\\\/secure.gravatar.com\\\/avatar\\\/2ea20aed01c949fd936ec2931e3e3543103e3e295d2997c8091910f331d19d95?s=96&d=mm&r=g\",\"contentUrl\":\"https:\\\/\\\/secure.gravatar.com\\\/avatar\\\/2ea20aed01c949fd936ec2931e3e3543103e3e295d2997c8091910f331d19d95?s=96&d=mm&r=g\",\"caption\":\"Gruppo Fabbri\"},\"url\":\"https:\\\/\\\/www.gruppofabbri.com\\\/fr\\\/author\\\/gruppo-fabbri\\\/\"}]}<\/script>\n<!-- \/ Yoast SEO plugin. -->","yoast_head_json":{"title":"Fabbri et la Journ\u00e9e Mondiale de l'Abeille (20 Mai) - Gruppo Fabbri | Official WebSite","robots":{"index":"index","follow":"follow","max-snippet":"max-snippet:-1","max-image-preview":"max-image-preview:large","max-video-preview":"max-video-preview:-1"},"canonical":"https:\/\/www.gruppofabbri.com\/fr\/fabbri-the-world-bee-day-20-may\/","og_locale":"fr_FR","og_type":"article","og_title":"Fabbri et la Journ\u00e9e Mondiale de l'Abeille (20 Mai) - Gruppo Fabbri | Official WebSite","og_description":"20.05.2023 &#8211; Nous c\u00e9l\u00e9brons aujourd&rsquo;hui la Journ\u00e9e Mondiale de l&rsquo;Abeille, con\u00e7ue par les Nations Unies...","og_url":"https:\/\/www.gruppofabbri.com\/fr\/fabbri-the-world-bee-day-20-may\/","og_site_name":"Gruppo Fabbri | Official WebSite","article_published_time":"2023-05-16T09:35:32+00:00","article_modified_time":"2023-05-18T09:11:45+00:00","og_image":[{"width":1600,"height":700,"url":"https:\/\/www.gruppofabbri.com\/wp-content\/uploads\/2023\/05\/Fabbri_Group-3BEE-Bee_Way-Fabbri4Planet-1.png","type":"image\/png"}],"author":"Gruppo Fabbri","twitter_card":"summary_large_image","twitter_misc":{"\u00c9crit par":"Gruppo Fabbri","Dur\u00e9e de lecture estim\u00e9e":"1 minute"},"schema":{"@context":"https:\/\/schema.org","@graph":[{"@type":"Article","@id":"https:\/\/www.gruppofabbri.com\/fr\/fabbri-the-world-bee-day-20-may\/#article","isPartOf":{"@id":"https:\/\/www.gruppofabbri.com\/fr\/fabbri-the-world-bee-day-20-may\/"},"author":{"name":"Gruppo Fabbri","@id":"https:\/\/www.gruppofabbri.com\/fr\/#\/schema\/person\/33cf2b03fc6e44ac72f18d728fe1d8ef"},"headline":"Fabbri et la Journ\u00e9e Mondiale de l&rsquo;Abeille (20 Mai)","datePublished":"2023-05-16T09:35:32+00:00","dateModified":"2023-05-18T09:11:45+00:00","mainEntityOfPage":{"@id":"https:\/\/www.gruppofabbri.com\/fr\/fabbri-the-world-bee-day-20-may\/"},"wordCount":172,"image":{"@id":"https:\/\/www.gruppofabbri.com\/fr\/fabbri-the-world-bee-day-20-may\/#primaryimage"},"thumbnailUrl":"https:\/\/www.gruppofabbri.com\/wp-content\/uploads\/2023\/05\/Fabbri_Group-3BEE-Bee_Way-Fabbri4Planet-1.png","articleSection":["ESG"],"inLanguage":"fr-FR"},{"@type":"WebPage","@id":"https:\/\/www.gruppofabbri.com\/fr\/fabbri-the-world-bee-day-20-may\/","url":"https:\/\/www.gruppofabbri.com\/fr\/fabbri-the-world-bee-day-20-may\/","name":"Fabbri et la Journ\u00e9e Mondiale de l'Abeille (20 Mai) - Gruppo Fabbri | Official WebSite","isPartOf":{"@id":"https:\/\/www.gruppofabbri.com\/fr\/#website"},"primaryImageOfPage":{"@id":"https:\/\/www.gruppofabbri.com\/fr\/fabbri-the-world-bee-day-20-may\/#primaryimage"},"image":{"@id":"https:\/\/www.gruppofabbri.com\/fr\/fabbri-the-world-bee-day-20-may\/#primaryimage"},"thumbnailUrl":"https:\/\/www.gruppofabbri.com\/wp-content\/uploads\/2023\/05\/Fabbri_Group-3BEE-Bee_Way-Fabbri4Planet-1.png","datePublished":"2023-05-16T09:35:32+00:00","dateModified":"2023-05-18T09:11:45+00:00","author":{"@id":"https:\/\/www.gruppofabbri.com\/fr\/#\/schema\/person\/33cf2b03fc6e44ac72f18d728fe1d8ef"},"breadcrumb":{"@id":"https:\/\/www.gruppofabbri.com\/fr\/fabbri-the-world-bee-day-20-may\/#breadcrumb"},"inLanguage":"fr-FR","potentialAction":[{"@type":"ReadAction","target":["https:\/\/www.gruppofabbri.com\/fr\/fabbri-the-world-bee-day-20-may\/"]}]},{"@type":"ImageObject","inLanguage":"fr-FR","@id":"https:\/\/www.gruppofabbri.com\/fr\/fabbri-the-world-bee-day-20-may\/#primaryimage","url":"https:\/\/www.gruppofabbri.com\/wp-content\/uploads\/2023\/05\/Fabbri_Group-3BEE-Bee_Way-Fabbri4Planet-1.png","contentUrl":"https:\/\/www.gruppofabbri.com\/wp-content\/uploads\/2023\/05\/Fabbri_Group-3BEE-Bee_Way-Fabbri4Planet-1.png","width":1600,"height":700},{"@type":"BreadcrumbList","@id":"https:\/\/www.gruppofabbri.com\/fr\/fabbri-the-world-bee-day-20-may\/#breadcrumb","itemListElement":[]},{"@type":"WebSite","@id":"https:\/\/www.gruppofabbri.com\/fr\/#website","url":"https:\/\/www.gruppofabbri.com\/fr\/","name":"Gruppo Fabbri | Official WebSite","description":"Macchine e Film per l&#039;imballaggio e confezionamento alimentare","potentialAction":[{"@type":"SearchAction","target":{"@type":"EntryPoint","urlTemplate":"https:\/\/www.gruppofabbri.com\/fr\/?s={search_term_string}"},"query-input":{"@type":"PropertyValueSpecification","valueRequired":true,"valueName":"search_term_string"}}],"inLanguage":"fr-FR"},{"@type":"Person","@id":"https:\/\/www.gruppofabbri.com\/fr\/#\/schema\/person\/33cf2b03fc6e44ac72f18d728fe1d8ef","name":"Gruppo Fabbri","image":{"@type":"ImageObject","inLanguage":"fr-FR","@id":"https:\/\/secure.gravatar.com\/avatar\/2ea20aed01c949fd936ec2931e3e3543103e3e295d2997c8091910f331d19d95?s=96&d=mm&r=g","url":"https:\/\/secure.gravatar.com\/avatar\/2ea20aed01c949fd936ec2931e3e3543103e3e295d2997c8091910f331d19d95?s=96&d=mm&r=g","contentUrl":"https:\/\/secure.gravatar.com\/avatar\/2ea20aed01c949fd936ec2931e3e3543103e3e295d2997c8091910f331d19d95?s=96&d=mm&r=g","caption":"Gruppo Fabbri"},"url":"https:\/\/www.gruppofabbri.com\/fr\/author\/gruppo-fabbri\/"}]}},"_links":{"self":[{"href":"https:\/\/www.gruppofabbri.com\/fr\/wp-json\/wp\/v2\/posts\/25706","targetHints":{"allow":["GET"]}}],"collection":[{"href":"https:\/\/www.gruppofabbri.com\/fr\/wp-json\/wp\/v2\/posts"}],"about":[{"href":"https:\/\/www.gruppofabbri.com\/fr\/wp-json\/wp\/v2\/types\/post"}],"author":[{"embeddable":true,"href":"https:\/\/www.gruppofabbri.com\/fr\/wp-json\/wp\/v2\/users\/2"}],"replies":[{"embeddable":true,"href":"https:\/\/www.gruppofabbri.com\/fr\/wp-json\/wp\/v2\/comments?post=25706"}],"version-history":[{"count":4,"href":"https:\/\/www.gruppofabbri.com\/fr\/wp-json\/wp\/v2\/posts\/25706\/revisions"}],"predecessor-version":[{"id":25747,"href":"https:\/\/www.gruppofabbri.com\/fr\/wp-json\/wp\/v2\/posts\/25706\/revisions\/25747"}],"wp:featuredmedia":[{"embeddable":true,"href":"https:\/\/www.gruppofabbri.com\/fr\/wp-json\/wp\/v2\/media\/25702"}],"wp:attachment":[{"href":"https:\/\/www.gruppofabbri.com\/fr\/wp-json\/wp\/v2\/media?parent=25706"}],"wp:term":[{"taxonomy":"category","embeddable":true,"href":"https:\/\/www.gruppofabbri.com\/fr\/wp-json\/wp\/v2\/categories?post=25706"},{"taxonomy":"post_tag","embeddable":true,"href":"https:\/\/www.gruppofabbri.com\/fr\/wp-json\/wp\/v2\/tags?post=25706"}],"curies":[{"name":"wp","href":"https:\/\/api.w.org\/{rel}","templated":true}]}}