{"id":24452,"date":"2023-02-23T09:36:40","date_gmt":"2023-02-23T08:36:40","guid":{"rendered":"https:\/\/www.gruppofabbri.com\/fabbri-group-france-invites-you-to-cfia-rennes-2023\/"},"modified":"2023-03-29T14:19:56","modified_gmt":"2023-03-29T12:19:56","slug":"fabbri-group-france-invites-you-to-cfia-rennes-2023","status":"publish","type":"post","link":"https:\/\/www.gruppofabbri.com\/fr\/fabbri-group-france-invites-you-to-cfia-rennes-2023\/","title":{"rendered":"Fabbri Group France vous invite au CFIA Rennes 2023"},"content":{"rendered":"<p>Le printemps arrive et le<strong> CFIA Rennes 2023<\/strong> est l&rsquo;occasion id\u00e9ale pour nous rencontrer !<br \/>\nVenez nous rendre visite au c\u0153ur de la premi\u00e8re r\u00e9gion agroalimentaire d&rsquo;Europe lors de l&rsquo;un des salons les plus importants de l&rsquo;industrie alimentaire :<\/p>\n<p><strong>CFIA Rennes 2023<\/strong><br \/>\n14-16.03.2023<br \/>\nParc Expo Rennes (France)<br \/>\n<strong>Stand \u00ab\u00a0Fabbri Group France\u00a0\u00bb no. A28 &#8211; B27, Hall 10<\/strong><\/p>\n<p>Sur le stand de Fabbri Group France, vous aurez l&rsquo;occasion de d\u00e9couvrir :<\/p>\n<ul>\n<li>Toutes nos solutions de films durables, parmi lesquelles <a href=\"https:\/\/www.gruppofabbri.com\/fr\/produits\/films-et-pellicules\/films-compostables-et-biosources\/nature-fresh\/\"><strong>NATURE FRESH<\/strong><\/a>, le film alimentaire compostable pour l&#8217;emballage alimentaire automatique et manuel.<\/li>\n<li>Notre offre de machines parmi lesquelles l&rsquo;operculeuse automatique <a href=\"https:\/\/www.gruppofabbri.com\/fr\/produits\/machines-demballage\/thermoscelleuses-automatiques\/gamma\/\"><strong>Gamma<\/strong><\/a>, la nouvelle operculeuse automatique <strong>Trio<sup>plus <\/sup><\/strong>et la banderoleuse automatique <a href=\"https:\/\/www.gruppofabbri.com\/fr\/produits\/machines-demballage\/machines-a-emballer-automatiques\/automac-dual\/\"><strong>Automac Dual<\/strong><\/a>.<\/li>\n<\/ul>\n<p>Qu&rsquo;attendez-vous ?<\/p>\n<p>\u2192 Contactez-nous et prenez rendez-vous : <a href=\"mailto:sales@gruppofabbri.com\">sales@gruppofabbri.com<\/a><br \/>\n\u2192 D\u00e9couvrez le portefeuille complet de machines, films et logiciels Fabbri <a href=\"https:\/\/www.gruppofabbri.com\/fr\/produits\/\">ici<\/a>.<\/p>\n","protected":false},"excerpt":{"rendered":"<p>Le printemps arrive et le CFIA Rennes 2023 est l&rsquo;occasion id\u00e9ale pour nous rencontrer !&#8230;<\/p>\n","protected":false},"author":2,"featured_media":24447,"comment_status":"closed","ping_status":"closed","sticky":false,"template":"","format":"standard","meta":{"footnotes":""},"categories":[186],"tags":[],"class_list":{"0":"post-24452","1":"post","2":"type-post","3":"status-publish","4":"format-standard","5":"has-post-thumbnail","7":"category-evenements"},"yoast_head":"<!-- This site is optimized with the Yoast SEO plugin v27.4 - https:\/\/yoast.com\/product\/yoast-seo-wordpress\/ -->\n<title>Fabbri Group France vous invite au CFIA Rennes 2023 - Gruppo Fabbri | Official WebSite<\/title>\n<meta name=\"robots\" content=\"index, follow, max-snippet:-1, max-image-preview:large, max-video-preview:-1\" \/>\n<link rel=\"canonical\" href=\"https:\/\/www.gruppofabbri.com\/fr\/fabbri-group-france-invites-you-to-cfia-rennes-2023\/\" \/>\n<meta property=\"og:locale\" content=\"fr_FR\" \/>\n<meta property=\"og:type\" content=\"article\" \/>\n<meta property=\"og:title\" content=\"Fabbri Group France vous invite au CFIA Rennes 2023 - Gruppo Fabbri | Official WebSite\" \/>\n<meta property=\"og:description\" content=\"Le printemps arrive et le CFIA Rennes 2023 est l&rsquo;occasion id\u00e9ale pour nous rencontrer !...\" \/>\n<meta property=\"og:url\" content=\"https:\/\/www.gruppofabbri.com\/fr\/fabbri-group-france-invites-you-to-cfia-rennes-2023\/\" \/>\n<meta property=\"og:site_name\" content=\"Gruppo Fabbri | Official WebSite\" \/>\n<meta property=\"article:published_time\" content=\"2023-02-23T08:36:40+00:00\" \/>\n<meta property=\"article:modified_time\" content=\"2023-03-29T12:19:56+00:00\" \/>\n<meta property=\"og:image\" content=\"https:\/\/www.gruppofabbri.com\/wp-content\/uploads\/2023\/01\/Fabbri_Group-CFIA_2023-1.png\" \/>\n\t<meta property=\"og:image:width\" content=\"1600\" \/>\n\t<meta property=\"og:image:height\" content=\"700\" \/>\n\t<meta property=\"og:image:type\" content=\"image\/png\" \/>\n<meta name=\"author\" content=\"Gruppo Fabbri\" \/>\n<meta name=\"twitter:card\" content=\"summary_large_image\" \/>\n<meta name=\"twitter:label1\" content=\"\u00c9crit par\" \/>\n\t<meta name=\"twitter:data1\" content=\"Gruppo Fabbri\" \/>\n\t<meta name=\"twitter:label2\" content=\"Dur\u00e9e de lecture estim\u00e9e\" \/>\n\t<meta name=\"twitter:data2\" content=\"1 minute\" \/>\n<script type=\"application\/ld+json\" class=\"yoast-schema-graph\">{\"@context\":\"https:\\\/\\\/schema.org\",\"@graph\":[{\"@type\":\"Article\",\"@id\":\"https:\\\/\\\/www.gruppofabbri.com\\\/fr\\\/fabbri-group-france-invites-you-to-cfia-rennes-2023\\\/#article\",\"isPartOf\":{\"@id\":\"https:\\\/\\\/www.gruppofabbri.com\\\/fr\\\/fabbri-group-france-invites-you-to-cfia-rennes-2023\\\/\"},\"author\":{\"name\":\"Gruppo Fabbri\",\"@id\":\"https:\\\/\\\/www.gruppofabbri.com\\\/fr\\\/#\\\/schema\\\/person\\\/33cf2b03fc6e44ac72f18d728fe1d8ef\"},\"headline\":\"Fabbri Group France vous invite au CFIA Rennes 2023\",\"datePublished\":\"2023-02-23T08:36:40+00:00\",\"dateModified\":\"2023-03-29T12:19:56+00:00\",\"mainEntityOfPage\":{\"@id\":\"https:\\\/\\\/www.gruppofabbri.com\\\/fr\\\/fabbri-group-france-invites-you-to-cfia-rennes-2023\\\/\"},\"wordCount\":145,\"image\":{\"@id\":\"https:\\\/\\\/www.gruppofabbri.com\\\/fr\\\/fabbri-group-france-invites-you-to-cfia-rennes-2023\\\/#primaryimage\"},\"thumbnailUrl\":\"https:\\\/\\\/www.gruppofabbri.com\\\/wp-content\\\/uploads\\\/2023\\\/01\\\/Fabbri_Group-CFIA_2023-1.png\",\"articleSection\":[\"Ev\u00e9nements\"],\"inLanguage\":\"fr-FR\"},{\"@type\":\"WebPage\",\"@id\":\"https:\\\/\\\/www.gruppofabbri.com\\\/fr\\\/fabbri-group-france-invites-you-to-cfia-rennes-2023\\\/\",\"url\":\"https:\\\/\\\/www.gruppofabbri.com\\\/fr\\\/fabbri-group-france-invites-you-to-cfia-rennes-2023\\\/\",\"name\":\"Fabbri Group France vous invite au CFIA Rennes 2023 - Gruppo Fabbri | Official WebSite\",\"isPartOf\":{\"@id\":\"https:\\\/\\\/www.gruppofabbri.com\\\/fr\\\/#website\"},\"primaryImageOfPage\":{\"@id\":\"https:\\\/\\\/www.gruppofabbri.com\\\/fr\\\/fabbri-group-france-invites-you-to-cfia-rennes-2023\\\/#primaryimage\"},\"image\":{\"@id\":\"https:\\\/\\\/www.gruppofabbri.com\\\/fr\\\/fabbri-group-france-invites-you-to-cfia-rennes-2023\\\/#primaryimage\"},\"thumbnailUrl\":\"https:\\\/\\\/www.gruppofabbri.com\\\/wp-content\\\/uploads\\\/2023\\\/01\\\/Fabbri_Group-CFIA_2023-1.png\",\"datePublished\":\"2023-02-23T08:36:40+00:00\",\"dateModified\":\"2023-03-29T12:19:56+00:00\",\"author\":{\"@id\":\"https:\\\/\\\/www.gruppofabbri.com\\\/fr\\\/#\\\/schema\\\/person\\\/33cf2b03fc6e44ac72f18d728fe1d8ef\"},\"breadcrumb\":{\"@id\":\"https:\\\/\\\/www.gruppofabbri.com\\\/fr\\\/fabbri-group-france-invites-you-to-cfia-rennes-2023\\\/#breadcrumb\"},\"inLanguage\":\"fr-FR\",\"potentialAction\":[{\"@type\":\"ReadAction\",\"target\":[\"https:\\\/\\\/www.gruppofabbri.com\\\/fr\\\/fabbri-group-france-invites-you-to-cfia-rennes-2023\\\/\"]}]},{\"@type\":\"ImageObject\",\"inLanguage\":\"fr-FR\",\"@id\":\"https:\\\/\\\/www.gruppofabbri.com\\\/fr\\\/fabbri-group-france-invites-you-to-cfia-rennes-2023\\\/#primaryimage\",\"url\":\"https:\\\/\\\/www.gruppofabbri.com\\\/wp-content\\\/uploads\\\/2023\\\/01\\\/Fabbri_Group-CFIA_2023-1.png\",\"contentUrl\":\"https:\\\/\\\/www.gruppofabbri.com\\\/wp-content\\\/uploads\\\/2023\\\/01\\\/Fabbri_Group-CFIA_2023-1.png\",\"width\":1600,\"height\":700},{\"@type\":\"BreadcrumbList\",\"@id\":\"https:\\\/\\\/www.gruppofabbri.com\\\/fr\\\/fabbri-group-france-invites-you-to-cfia-rennes-2023\\\/#breadcrumb\",\"itemListElement\":[]},{\"@type\":\"WebSite\",\"@id\":\"https:\\\/\\\/www.gruppofabbri.com\\\/fr\\\/#website\",\"url\":\"https:\\\/\\\/www.gruppofabbri.com\\\/fr\\\/\",\"name\":\"Gruppo Fabbri | Official WebSite\",\"description\":\"Macchine e Film per l&#039;imballaggio e confezionamento alimentare\",\"potentialAction\":[{\"@type\":\"SearchAction\",\"target\":{\"@type\":\"EntryPoint\",\"urlTemplate\":\"https:\\\/\\\/www.gruppofabbri.com\\\/fr\\\/?s={search_term_string}\"},\"query-input\":{\"@type\":\"PropertyValueSpecification\",\"valueRequired\":true,\"valueName\":\"search_term_string\"}}],\"inLanguage\":\"fr-FR\"},{\"@type\":\"Person\",\"@id\":\"https:\\\/\\\/www.gruppofabbri.com\\\/fr\\\/#\\\/schema\\\/person\\\/33cf2b03fc6e44ac72f18d728fe1d8ef\",\"name\":\"Gruppo Fabbri\",\"image\":{\"@type\":\"ImageObject\",\"inLanguage\":\"fr-FR\",\"@id\":\"https:\\\/\\\/secure.gravatar.com\\\/avatar\\\/2ea20aed01c949fd936ec2931e3e3543103e3e295d2997c8091910f331d19d95?s=96&d=mm&r=g\",\"url\":\"https:\\\/\\\/secure.gravatar.com\\\/avatar\\\/2ea20aed01c949fd936ec2931e3e3543103e3e295d2997c8091910f331d19d95?s=96&d=mm&r=g\",\"contentUrl\":\"https:\\\/\\\/secure.gravatar.com\\\/avatar\\\/2ea20aed01c949fd936ec2931e3e3543103e3e295d2997c8091910f331d19d95?s=96&d=mm&r=g\",\"caption\":\"Gruppo Fabbri\"},\"url\":\"https:\\\/\\\/www.gruppofabbri.com\\\/fr\\\/author\\\/gruppo-fabbri\\\/\"}]}<\/script>\n<!-- \/ Yoast SEO plugin. -->","yoast_head_json":{"title":"Fabbri Group France vous invite au CFIA Rennes 2023 - Gruppo Fabbri | Official WebSite","robots":{"index":"index","follow":"follow","max-snippet":"max-snippet:-1","max-image-preview":"max-image-preview:large","max-video-preview":"max-video-preview:-1"},"canonical":"https:\/\/www.gruppofabbri.com\/fr\/fabbri-group-france-invites-you-to-cfia-rennes-2023\/","og_locale":"fr_FR","og_type":"article","og_title":"Fabbri Group France vous invite au CFIA Rennes 2023 - Gruppo Fabbri | Official WebSite","og_description":"Le printemps arrive et le CFIA Rennes 2023 est l&rsquo;occasion id\u00e9ale pour nous rencontrer !...","og_url":"https:\/\/www.gruppofabbri.com\/fr\/fabbri-group-france-invites-you-to-cfia-rennes-2023\/","og_site_name":"Gruppo Fabbri | Official WebSite","article_published_time":"2023-02-23T08:36:40+00:00","article_modified_time":"2023-03-29T12:19:56+00:00","og_image":[{"width":1600,"height":700,"url":"https:\/\/www.gruppofabbri.com\/wp-content\/uploads\/2023\/01\/Fabbri_Group-CFIA_2023-1.png","type":"image\/png"}],"author":"Gruppo Fabbri","twitter_card":"summary_large_image","twitter_misc":{"\u00c9crit par":"Gruppo Fabbri","Dur\u00e9e de lecture estim\u00e9e":"1 minute"},"schema":{"@context":"https:\/\/schema.org","@graph":[{"@type":"Article","@id":"https:\/\/www.gruppofabbri.com\/fr\/fabbri-group-france-invites-you-to-cfia-rennes-2023\/#article","isPartOf":{"@id":"https:\/\/www.gruppofabbri.com\/fr\/fabbri-group-france-invites-you-to-cfia-rennes-2023\/"},"author":{"name":"Gruppo Fabbri","@id":"https:\/\/www.gruppofabbri.com\/fr\/#\/schema\/person\/33cf2b03fc6e44ac72f18d728fe1d8ef"},"headline":"Fabbri Group France vous invite au CFIA Rennes 2023","datePublished":"2023-02-23T08:36:40+00:00","dateModified":"2023-03-29T12:19:56+00:00","mainEntityOfPage":{"@id":"https:\/\/www.gruppofabbri.com\/fr\/fabbri-group-france-invites-you-to-cfia-rennes-2023\/"},"wordCount":145,"image":{"@id":"https:\/\/www.gruppofabbri.com\/fr\/fabbri-group-france-invites-you-to-cfia-rennes-2023\/#primaryimage"},"thumbnailUrl":"https:\/\/www.gruppofabbri.com\/wp-content\/uploads\/2023\/01\/Fabbri_Group-CFIA_2023-1.png","articleSection":["Ev\u00e9nements"],"inLanguage":"fr-FR"},{"@type":"WebPage","@id":"https:\/\/www.gruppofabbri.com\/fr\/fabbri-group-france-invites-you-to-cfia-rennes-2023\/","url":"https:\/\/www.gruppofabbri.com\/fr\/fabbri-group-france-invites-you-to-cfia-rennes-2023\/","name":"Fabbri Group France vous invite au CFIA Rennes 2023 - Gruppo Fabbri | Official WebSite","isPartOf":{"@id":"https:\/\/www.gruppofabbri.com\/fr\/#website"},"primaryImageOfPage":{"@id":"https:\/\/www.gruppofabbri.com\/fr\/fabbri-group-france-invites-you-to-cfia-rennes-2023\/#primaryimage"},"image":{"@id":"https:\/\/www.gruppofabbri.com\/fr\/fabbri-group-france-invites-you-to-cfia-rennes-2023\/#primaryimage"},"thumbnailUrl":"https:\/\/www.gruppofabbri.com\/wp-content\/uploads\/2023\/01\/Fabbri_Group-CFIA_2023-1.png","datePublished":"2023-02-23T08:36:40+00:00","dateModified":"2023-03-29T12:19:56+00:00","author":{"@id":"https:\/\/www.gruppofabbri.com\/fr\/#\/schema\/person\/33cf2b03fc6e44ac72f18d728fe1d8ef"},"breadcrumb":{"@id":"https:\/\/www.gruppofabbri.com\/fr\/fabbri-group-france-invites-you-to-cfia-rennes-2023\/#breadcrumb"},"inLanguage":"fr-FR","potentialAction":[{"@type":"ReadAction","target":["https:\/\/www.gruppofabbri.com\/fr\/fabbri-group-france-invites-you-to-cfia-rennes-2023\/"]}]},{"@type":"ImageObject","inLanguage":"fr-FR","@id":"https:\/\/www.gruppofabbri.com\/fr\/fabbri-group-france-invites-you-to-cfia-rennes-2023\/#primaryimage","url":"https:\/\/www.gruppofabbri.com\/wp-content\/uploads\/2023\/01\/Fabbri_Group-CFIA_2023-1.png","contentUrl":"https:\/\/www.gruppofabbri.com\/wp-content\/uploads\/2023\/01\/Fabbri_Group-CFIA_2023-1.png","width":1600,"height":700},{"@type":"BreadcrumbList","@id":"https:\/\/www.gruppofabbri.com\/fr\/fabbri-group-france-invites-you-to-cfia-rennes-2023\/#breadcrumb","itemListElement":[]},{"@type":"WebSite","@id":"https:\/\/www.gruppofabbri.com\/fr\/#website","url":"https:\/\/www.gruppofabbri.com\/fr\/","name":"Gruppo Fabbri | Official WebSite","description":"Macchine e Film per l&#039;imballaggio e confezionamento alimentare","potentialAction":[{"@type":"SearchAction","target":{"@type":"EntryPoint","urlTemplate":"https:\/\/www.gruppofabbri.com\/fr\/?s={search_term_string}"},"query-input":{"@type":"PropertyValueSpecification","valueRequired":true,"valueName":"search_term_string"}}],"inLanguage":"fr-FR"},{"@type":"Person","@id":"https:\/\/www.gruppofabbri.com\/fr\/#\/schema\/person\/33cf2b03fc6e44ac72f18d728fe1d8ef","name":"Gruppo Fabbri","image":{"@type":"ImageObject","inLanguage":"fr-FR","@id":"https:\/\/secure.gravatar.com\/avatar\/2ea20aed01c949fd936ec2931e3e3543103e3e295d2997c8091910f331d19d95?s=96&d=mm&r=g","url":"https:\/\/secure.gravatar.com\/avatar\/2ea20aed01c949fd936ec2931e3e3543103e3e295d2997c8091910f331d19d95?s=96&d=mm&r=g","contentUrl":"https:\/\/secure.gravatar.com\/avatar\/2ea20aed01c949fd936ec2931e3e3543103e3e295d2997c8091910f331d19d95?s=96&d=mm&r=g","caption":"Gruppo Fabbri"},"url":"https:\/\/www.gruppofabbri.com\/fr\/author\/gruppo-fabbri\/"}]}},"_links":{"self":[{"href":"https:\/\/www.gruppofabbri.com\/fr\/wp-json\/wp\/v2\/posts\/24452","targetHints":{"allow":["GET"]}}],"collection":[{"href":"https:\/\/www.gruppofabbri.com\/fr\/wp-json\/wp\/v2\/posts"}],"about":[{"href":"https:\/\/www.gruppofabbri.com\/fr\/wp-json\/wp\/v2\/types\/post"}],"author":[{"embeddable":true,"href":"https:\/\/www.gruppofabbri.com\/fr\/wp-json\/wp\/v2\/users\/2"}],"replies":[{"embeddable":true,"href":"https:\/\/www.gruppofabbri.com\/fr\/wp-json\/wp\/v2\/comments?post=24452"}],"version-history":[{"count":3,"href":"https:\/\/www.gruppofabbri.com\/fr\/wp-json\/wp\/v2\/posts\/24452\/revisions"}],"predecessor-version":[{"id":24585,"href":"https:\/\/www.gruppofabbri.com\/fr\/wp-json\/wp\/v2\/posts\/24452\/revisions\/24585"}],"wp:featuredmedia":[{"embeddable":true,"href":"https:\/\/www.gruppofabbri.com\/fr\/wp-json\/wp\/v2\/media\/24447"}],"wp:attachment":[{"href":"https:\/\/www.gruppofabbri.com\/fr\/wp-json\/wp\/v2\/media?parent=24452"}],"wp:term":[{"taxonomy":"category","embeddable":true,"href":"https:\/\/www.gruppofabbri.com\/fr\/wp-json\/wp\/v2\/categories?post=24452"},{"taxonomy":"post_tag","embeddable":true,"href":"https:\/\/www.gruppofabbri.com\/fr\/wp-json\/wp\/v2\/tags?post=24452"}],"curies":[{"name":"wp","href":"https:\/\/api.w.org\/{rel}","templated":true}]}}