{"id":24298,"date":"2022-12-13T16:19:10","date_gmt":"2022-12-13T15:19:10","guid":{"rendered":"https:\/\/www.gruppofabbri.com\/gruppo-fabbri-per-un-futuro-migliore-su-un-nuovo-pianeta\/"},"modified":"2023-01-11T08:58:40","modified_gmt":"2023-01-11T07:58:40","slug":"gruppo-fabbri-per-un-futuro-migliore-su-un-nuovo-pianeta","status":"publish","type":"post","link":"https:\/\/www.gruppofabbri.com\/fr\/gruppo-fabbri-per-un-futuro-migliore-su-un-nuovo-pianeta\/","title":{"rendered":"Les v\u0153ux de fin d\u2019ann\u00e9e de toute l\u2019\u00e9quipe Fabbri !"},"content":{"rendered":"<p><img decoding=\"async\" class=\"wp-image-24275 aligncenter lazyload\" data-src=\"https:\/\/www.gruppofabbri.com\/wp-content\/uploads\/2022\/12\/FABBRI_GROUP-NATALE-2023-EN-DEF.gif\" alt=\"\" width=\"658\" height=\"468\" src=\"data:image\/svg+xml;base64,PHN2ZyB3aWR0aD0iMSIgaGVpZ2h0PSIxIiB4bWxucz0iaHR0cDovL3d3dy53My5vcmcvMjAwMC9zdmciPjwvc3ZnPg==\" style=\"--smush-placeholder-width: 658px; --smush-placeholder-aspect-ratio: 658\/468;\" \/><\/p>\n<p>Une fois de plus, \u00e0 l&rsquo;occasion des f\u00eates de fin d&rsquo;ann\u00e9e, si chaleureuses dans toutes les parties du monde, Fabbri Group invite son personnel et tous les contacts ext\u00e9rieurs \u00e0 l&rsquo;entreprise (partenaires, collaborateurs, fournisseurs, clients&#8230;) \u00e0 penser et \u00e0 \u0153uvrer pour le respect et la protection de l&rsquo;environnement.<\/p>\n<p>C&rsquo;est pourquoi, en 2023 \u00e9galement, nous poursuivrons le projet de reforestation \u00ab\u00a0<strong><a href=\"https:\/\/www.treedom.net\/en\/organization\/fabbri-group\/event\/fabbrigroup-forest\">Aurea Silva &#8211; Fabbri 4 Planet<\/a><\/strong>\u00a0\u00bb lanc\u00e9 l&rsquo;ann\u00e9e derni\u00e8re : un <strong>cadeau symbolique<\/strong> pour nous tous et pour notre plan\u00e8te natale, qui rappelle combien les plantes sont fondamentales pour am\u00e9liorer la qualit\u00e9 de l&rsquo;air gr\u00e2ce \u00e0 l&rsquo;<strong>absorption de CO<sub>2<\/sub><\/strong> et \u00e0 la <strong>production d&rsquo;oxyg\u00e8n<\/strong>e, compensant ainsi en partie l&rsquo;impact de l&rsquo;activit\u00e9 humaine sur l&rsquo;\u00e9cosyst\u00e8me.<\/p>\n<p>Aurea Silva soutient \u00e9galement les <strong>communaut\u00e9s agricoles locales<\/strong> dans les r\u00e9gions moins riches du monde.<\/p>\n<p>M\u00eame les <strong>abeilles<\/strong>, si pr\u00e9cieuses pour la pr\u00e9servation de la biodiversit\u00e9 et de la vie elle-m\u00eame sur la Plan\u00e8te, doivent \u00eatre sauvegard\u00e9es : elles sont en effet les principaux insectes pollinisateurs et malheureusement on estime qu&rsquo;en 10 ans environ 10 millions de ruches ont disparu \u00e0 cause de diff\u00e9rents facteurs, comme l&rsquo;agriculture intensive, le changement climatique, l&rsquo;utilisation incorrecte des pesticides, la r\u00e9duction des sols plant\u00e9s, ainsi que les parasites et les maladies.<\/p>\n<p>C&rsquo;est pourquoi Fabbri Group a choisi de planter des <strong>esp\u00e8ces v\u00e9g\u00e9tales mellif\u00e8res<\/strong> et d&rsquo;<strong>adopter \u00e9galement<\/strong> une ruche en lan\u00e7ant le projet \u00ab\u00a0<strong><a href=\"https:\/\/www.3bee.com\/en\/oasi-v2\/fabbri-group\/\">Bee Way &#8211; Fabbri 4 Planet<\/a><\/strong>\u00a0\u00bb .<\/p>\n<h3>Joyeuses f\u00eates de fin d&rsquo;ann\u00e9e de toute l&rsquo;\u00e9quipe Fabbri !<\/h3>\n<p><em>T\u00e9l\u00e9chargez <a href=\"https:\/\/www.gruppofabbri.com\/wp-content\/uploads\/2022\/12\/CALENDAR_2023-DEF.pdf\">ici<\/a><\/em><em> le nouveau calendrier 2023 \u00e0 imprimer sur A3 et \u00e0 accrocher o\u00f9 vous voulez.<\/em><\/p>\n","protected":false},"excerpt":{"rendered":"<p>Une fois de plus, \u00e0 l&rsquo;occasion des f\u00eates de fin d&rsquo;ann\u00e9e, si chaleureuses dans toutes&#8230;<\/p>\n","protected":false},"author":2,"featured_media":24308,"comment_status":"closed","ping_status":"closed","sticky":false,"template":"","format":"standard","meta":{"footnotes":""},"categories":[182,184],"tags":[],"class_list":{"0":"post-24298","1":"post","2":"type-post","3":"status-publish","4":"format-standard","5":"has-post-thumbnail","7":"category-entreprise","8":"category-esg-fr"},"yoast_head":"<!-- This site is optimized with the Yoast SEO plugin v27.4 - https:\/\/yoast.com\/product\/yoast-seo-wordpress\/ -->\n<title>Les v\u0153ux de fin d\u2019ann\u00e9e de toute l\u2019\u00e9quipe Fabbri ! - Gruppo Fabbri | Official WebSite<\/title>\n<meta name=\"robots\" content=\"index, follow, max-snippet:-1, max-image-preview:large, max-video-preview:-1\" \/>\n<link rel=\"canonical\" href=\"https:\/\/www.gruppofabbri.com\/fr\/gruppo-fabbri-per-un-futuro-migliore-su-un-nuovo-pianeta\/\" \/>\n<meta property=\"og:locale\" content=\"fr_FR\" \/>\n<meta property=\"og:type\" content=\"article\" \/>\n<meta property=\"og:title\" content=\"Les v\u0153ux de fin d\u2019ann\u00e9e de toute l\u2019\u00e9quipe Fabbri ! - Gruppo Fabbri | Official WebSite\" \/>\n<meta property=\"og:description\" content=\"Une fois de plus, \u00e0 l&rsquo;occasion des f\u00eates de fin d&rsquo;ann\u00e9e, si chaleureuses dans toutes...\" \/>\n<meta property=\"og:url\" content=\"https:\/\/www.gruppofabbri.com\/fr\/gruppo-fabbri-per-un-futuro-migliore-su-un-nuovo-pianeta\/\" \/>\n<meta property=\"og:site_name\" content=\"Gruppo Fabbri | Official WebSite\" \/>\n<meta property=\"article:published_time\" content=\"2022-12-13T15:19:10+00:00\" \/>\n<meta property=\"article:modified_time\" content=\"2023-01-11T07:58:40+00:00\" \/>\n<meta property=\"og:image\" content=\"https:\/\/www.gruppofabbri.com\/wp-content\/uploads\/2022\/12\/Fabbri_Group-Natale_2022-EN.png\" \/>\n\t<meta property=\"og:image:width\" content=\"1600\" \/>\n\t<meta property=\"og:image:height\" content=\"700\" \/>\n\t<meta property=\"og:image:type\" content=\"image\/png\" \/>\n<meta name=\"author\" content=\"Gruppo Fabbri\" \/>\n<meta name=\"twitter:card\" content=\"summary_large_image\" \/>\n<meta name=\"twitter:label1\" content=\"\u00c9crit par\" \/>\n\t<meta name=\"twitter:data1\" content=\"Gruppo Fabbri\" \/>\n\t<meta name=\"twitter:label2\" content=\"Dur\u00e9e de lecture estim\u00e9e\" \/>\n\t<meta name=\"twitter:data2\" content=\"1 minute\" \/>\n<script type=\"application\/ld+json\" class=\"yoast-schema-graph\">{\"@context\":\"https:\\\/\\\/schema.org\",\"@graph\":[{\"@type\":\"Article\",\"@id\":\"https:\\\/\\\/www.gruppofabbri.com\\\/fr\\\/gruppo-fabbri-per-un-futuro-migliore-su-un-nuovo-pianeta\\\/#article\",\"isPartOf\":{\"@id\":\"https:\\\/\\\/www.gruppofabbri.com\\\/fr\\\/gruppo-fabbri-per-un-futuro-migliore-su-un-nuovo-pianeta\\\/\"},\"author\":{\"name\":\"Gruppo Fabbri\",\"@id\":\"https:\\\/\\\/www.gruppofabbri.com\\\/fr\\\/#\\\/schema\\\/person\\\/33cf2b03fc6e44ac72f18d728fe1d8ef\"},\"headline\":\"Les v\u0153ux de fin d\u2019ann\u00e9e de toute l\u2019\u00e9quipe Fabbri !\",\"datePublished\":\"2022-12-13T15:19:10+00:00\",\"dateModified\":\"2023-01-11T07:58:40+00:00\",\"mainEntityOfPage\":{\"@id\":\"https:\\\/\\\/www.gruppofabbri.com\\\/fr\\\/gruppo-fabbri-per-un-futuro-migliore-su-un-nuovo-pianeta\\\/\"},\"wordCount\":297,\"image\":{\"@id\":\"https:\\\/\\\/www.gruppofabbri.com\\\/fr\\\/gruppo-fabbri-per-un-futuro-migliore-su-un-nuovo-pianeta\\\/#primaryimage\"},\"thumbnailUrl\":\"https:\\\/\\\/www.gruppofabbri.com\\\/wp-content\\\/uploads\\\/2022\\\/12\\\/Fabbri_Group-Natale_2022-EN.png\",\"articleSection\":[\"Entreprise\",\"ESG\"],\"inLanguage\":\"fr-FR\"},{\"@type\":\"WebPage\",\"@id\":\"https:\\\/\\\/www.gruppofabbri.com\\\/fr\\\/gruppo-fabbri-per-un-futuro-migliore-su-un-nuovo-pianeta\\\/\",\"url\":\"https:\\\/\\\/www.gruppofabbri.com\\\/fr\\\/gruppo-fabbri-per-un-futuro-migliore-su-un-nuovo-pianeta\\\/\",\"name\":\"Les v\u0153ux de fin d\u2019ann\u00e9e de toute l\u2019\u00e9quipe Fabbri ! - Gruppo Fabbri | Official WebSite\",\"isPartOf\":{\"@id\":\"https:\\\/\\\/www.gruppofabbri.com\\\/fr\\\/#website\"},\"primaryImageOfPage\":{\"@id\":\"https:\\\/\\\/www.gruppofabbri.com\\\/fr\\\/gruppo-fabbri-per-un-futuro-migliore-su-un-nuovo-pianeta\\\/#primaryimage\"},\"image\":{\"@id\":\"https:\\\/\\\/www.gruppofabbri.com\\\/fr\\\/gruppo-fabbri-per-un-futuro-migliore-su-un-nuovo-pianeta\\\/#primaryimage\"},\"thumbnailUrl\":\"https:\\\/\\\/www.gruppofabbri.com\\\/wp-content\\\/uploads\\\/2022\\\/12\\\/Fabbri_Group-Natale_2022-EN.png\",\"datePublished\":\"2022-12-13T15:19:10+00:00\",\"dateModified\":\"2023-01-11T07:58:40+00:00\",\"author\":{\"@id\":\"https:\\\/\\\/www.gruppofabbri.com\\\/fr\\\/#\\\/schema\\\/person\\\/33cf2b03fc6e44ac72f18d728fe1d8ef\"},\"breadcrumb\":{\"@id\":\"https:\\\/\\\/www.gruppofabbri.com\\\/fr\\\/gruppo-fabbri-per-un-futuro-migliore-su-un-nuovo-pianeta\\\/#breadcrumb\"},\"inLanguage\":\"fr-FR\",\"potentialAction\":[{\"@type\":\"ReadAction\",\"target\":[\"https:\\\/\\\/www.gruppofabbri.com\\\/fr\\\/gruppo-fabbri-per-un-futuro-migliore-su-un-nuovo-pianeta\\\/\"]}]},{\"@type\":\"ImageObject\",\"inLanguage\":\"fr-FR\",\"@id\":\"https:\\\/\\\/www.gruppofabbri.com\\\/fr\\\/gruppo-fabbri-per-un-futuro-migliore-su-un-nuovo-pianeta\\\/#primaryimage\",\"url\":\"https:\\\/\\\/www.gruppofabbri.com\\\/wp-content\\\/uploads\\\/2022\\\/12\\\/Fabbri_Group-Natale_2022-EN.png\",\"contentUrl\":\"https:\\\/\\\/www.gruppofabbri.com\\\/wp-content\\\/uploads\\\/2022\\\/12\\\/Fabbri_Group-Natale_2022-EN.png\",\"width\":1600,\"height\":700},{\"@type\":\"BreadcrumbList\",\"@id\":\"https:\\\/\\\/www.gruppofabbri.com\\\/fr\\\/gruppo-fabbri-per-un-futuro-migliore-su-un-nuovo-pianeta\\\/#breadcrumb\",\"itemListElement\":[]},{\"@type\":\"WebSite\",\"@id\":\"https:\\\/\\\/www.gruppofabbri.com\\\/fr\\\/#website\",\"url\":\"https:\\\/\\\/www.gruppofabbri.com\\\/fr\\\/\",\"name\":\"Gruppo Fabbri | Official WebSite\",\"description\":\"Macchine e Film per l&#039;imballaggio e confezionamento alimentare\",\"potentialAction\":[{\"@type\":\"SearchAction\",\"target\":{\"@type\":\"EntryPoint\",\"urlTemplate\":\"https:\\\/\\\/www.gruppofabbri.com\\\/fr\\\/?s={search_term_string}\"},\"query-input\":{\"@type\":\"PropertyValueSpecification\",\"valueRequired\":true,\"valueName\":\"search_term_string\"}}],\"inLanguage\":\"fr-FR\"},{\"@type\":\"Person\",\"@id\":\"https:\\\/\\\/www.gruppofabbri.com\\\/fr\\\/#\\\/schema\\\/person\\\/33cf2b03fc6e44ac72f18d728fe1d8ef\",\"name\":\"Gruppo Fabbri\",\"image\":{\"@type\":\"ImageObject\",\"inLanguage\":\"fr-FR\",\"@id\":\"https:\\\/\\\/secure.gravatar.com\\\/avatar\\\/2ea20aed01c949fd936ec2931e3e3543103e3e295d2997c8091910f331d19d95?s=96&d=mm&r=g\",\"url\":\"https:\\\/\\\/secure.gravatar.com\\\/avatar\\\/2ea20aed01c949fd936ec2931e3e3543103e3e295d2997c8091910f331d19d95?s=96&d=mm&r=g\",\"contentUrl\":\"https:\\\/\\\/secure.gravatar.com\\\/avatar\\\/2ea20aed01c949fd936ec2931e3e3543103e3e295d2997c8091910f331d19d95?s=96&d=mm&r=g\",\"caption\":\"Gruppo Fabbri\"},\"url\":\"https:\\\/\\\/www.gruppofabbri.com\\\/fr\\\/author\\\/gruppo-fabbri\\\/\"}]}<\/script>\n<!-- \/ Yoast SEO plugin. -->","yoast_head_json":{"title":"Les v\u0153ux de fin d\u2019ann\u00e9e de toute l\u2019\u00e9quipe Fabbri ! - Gruppo Fabbri | Official WebSite","robots":{"index":"index","follow":"follow","max-snippet":"max-snippet:-1","max-image-preview":"max-image-preview:large","max-video-preview":"max-video-preview:-1"},"canonical":"https:\/\/www.gruppofabbri.com\/fr\/gruppo-fabbri-per-un-futuro-migliore-su-un-nuovo-pianeta\/","og_locale":"fr_FR","og_type":"article","og_title":"Les v\u0153ux de fin d\u2019ann\u00e9e de toute l\u2019\u00e9quipe Fabbri ! - Gruppo Fabbri | Official WebSite","og_description":"Une fois de plus, \u00e0 l&rsquo;occasion des f\u00eates de fin d&rsquo;ann\u00e9e, si chaleureuses dans toutes...","og_url":"https:\/\/www.gruppofabbri.com\/fr\/gruppo-fabbri-per-un-futuro-migliore-su-un-nuovo-pianeta\/","og_site_name":"Gruppo Fabbri | Official WebSite","article_published_time":"2022-12-13T15:19:10+00:00","article_modified_time":"2023-01-11T07:58:40+00:00","og_image":[{"width":1600,"height":700,"url":"https:\/\/www.gruppofabbri.com\/wp-content\/uploads\/2022\/12\/Fabbri_Group-Natale_2022-EN.png","type":"image\/png"}],"author":"Gruppo Fabbri","twitter_card":"summary_large_image","twitter_misc":{"\u00c9crit par":"Gruppo Fabbri","Dur\u00e9e de lecture estim\u00e9e":"1 minute"},"schema":{"@context":"https:\/\/schema.org","@graph":[{"@type":"Article","@id":"https:\/\/www.gruppofabbri.com\/fr\/gruppo-fabbri-per-un-futuro-migliore-su-un-nuovo-pianeta\/#article","isPartOf":{"@id":"https:\/\/www.gruppofabbri.com\/fr\/gruppo-fabbri-per-un-futuro-migliore-su-un-nuovo-pianeta\/"},"author":{"name":"Gruppo Fabbri","@id":"https:\/\/www.gruppofabbri.com\/fr\/#\/schema\/person\/33cf2b03fc6e44ac72f18d728fe1d8ef"},"headline":"Les v\u0153ux de fin d\u2019ann\u00e9e de toute l\u2019\u00e9quipe Fabbri !","datePublished":"2022-12-13T15:19:10+00:00","dateModified":"2023-01-11T07:58:40+00:00","mainEntityOfPage":{"@id":"https:\/\/www.gruppofabbri.com\/fr\/gruppo-fabbri-per-un-futuro-migliore-su-un-nuovo-pianeta\/"},"wordCount":297,"image":{"@id":"https:\/\/www.gruppofabbri.com\/fr\/gruppo-fabbri-per-un-futuro-migliore-su-un-nuovo-pianeta\/#primaryimage"},"thumbnailUrl":"https:\/\/www.gruppofabbri.com\/wp-content\/uploads\/2022\/12\/Fabbri_Group-Natale_2022-EN.png","articleSection":["Entreprise","ESG"],"inLanguage":"fr-FR"},{"@type":"WebPage","@id":"https:\/\/www.gruppofabbri.com\/fr\/gruppo-fabbri-per-un-futuro-migliore-su-un-nuovo-pianeta\/","url":"https:\/\/www.gruppofabbri.com\/fr\/gruppo-fabbri-per-un-futuro-migliore-su-un-nuovo-pianeta\/","name":"Les v\u0153ux de fin d\u2019ann\u00e9e de toute l\u2019\u00e9quipe Fabbri ! - Gruppo Fabbri | Official WebSite","isPartOf":{"@id":"https:\/\/www.gruppofabbri.com\/fr\/#website"},"primaryImageOfPage":{"@id":"https:\/\/www.gruppofabbri.com\/fr\/gruppo-fabbri-per-un-futuro-migliore-su-un-nuovo-pianeta\/#primaryimage"},"image":{"@id":"https:\/\/www.gruppofabbri.com\/fr\/gruppo-fabbri-per-un-futuro-migliore-su-un-nuovo-pianeta\/#primaryimage"},"thumbnailUrl":"https:\/\/www.gruppofabbri.com\/wp-content\/uploads\/2022\/12\/Fabbri_Group-Natale_2022-EN.png","datePublished":"2022-12-13T15:19:10+00:00","dateModified":"2023-01-11T07:58:40+00:00","author":{"@id":"https:\/\/www.gruppofabbri.com\/fr\/#\/schema\/person\/33cf2b03fc6e44ac72f18d728fe1d8ef"},"breadcrumb":{"@id":"https:\/\/www.gruppofabbri.com\/fr\/gruppo-fabbri-per-un-futuro-migliore-su-un-nuovo-pianeta\/#breadcrumb"},"inLanguage":"fr-FR","potentialAction":[{"@type":"ReadAction","target":["https:\/\/www.gruppofabbri.com\/fr\/gruppo-fabbri-per-un-futuro-migliore-su-un-nuovo-pianeta\/"]}]},{"@type":"ImageObject","inLanguage":"fr-FR","@id":"https:\/\/www.gruppofabbri.com\/fr\/gruppo-fabbri-per-un-futuro-migliore-su-un-nuovo-pianeta\/#primaryimage","url":"https:\/\/www.gruppofabbri.com\/wp-content\/uploads\/2022\/12\/Fabbri_Group-Natale_2022-EN.png","contentUrl":"https:\/\/www.gruppofabbri.com\/wp-content\/uploads\/2022\/12\/Fabbri_Group-Natale_2022-EN.png","width":1600,"height":700},{"@type":"BreadcrumbList","@id":"https:\/\/www.gruppofabbri.com\/fr\/gruppo-fabbri-per-un-futuro-migliore-su-un-nuovo-pianeta\/#breadcrumb","itemListElement":[]},{"@type":"WebSite","@id":"https:\/\/www.gruppofabbri.com\/fr\/#website","url":"https:\/\/www.gruppofabbri.com\/fr\/","name":"Gruppo Fabbri | Official WebSite","description":"Macchine e Film per l&#039;imballaggio e confezionamento alimentare","potentialAction":[{"@type":"SearchAction","target":{"@type":"EntryPoint","urlTemplate":"https:\/\/www.gruppofabbri.com\/fr\/?s={search_term_string}"},"query-input":{"@type":"PropertyValueSpecification","valueRequired":true,"valueName":"search_term_string"}}],"inLanguage":"fr-FR"},{"@type":"Person","@id":"https:\/\/www.gruppofabbri.com\/fr\/#\/schema\/person\/33cf2b03fc6e44ac72f18d728fe1d8ef","name":"Gruppo Fabbri","image":{"@type":"ImageObject","inLanguage":"fr-FR","@id":"https:\/\/secure.gravatar.com\/avatar\/2ea20aed01c949fd936ec2931e3e3543103e3e295d2997c8091910f331d19d95?s=96&d=mm&r=g","url":"https:\/\/secure.gravatar.com\/avatar\/2ea20aed01c949fd936ec2931e3e3543103e3e295d2997c8091910f331d19d95?s=96&d=mm&r=g","contentUrl":"https:\/\/secure.gravatar.com\/avatar\/2ea20aed01c949fd936ec2931e3e3543103e3e295d2997c8091910f331d19d95?s=96&d=mm&r=g","caption":"Gruppo Fabbri"},"url":"https:\/\/www.gruppofabbri.com\/fr\/author\/gruppo-fabbri\/"}]}},"_links":{"self":[{"href":"https:\/\/www.gruppofabbri.com\/fr\/wp-json\/wp\/v2\/posts\/24298","targetHints":{"allow":["GET"]}}],"collection":[{"href":"https:\/\/www.gruppofabbri.com\/fr\/wp-json\/wp\/v2\/posts"}],"about":[{"href":"https:\/\/www.gruppofabbri.com\/fr\/wp-json\/wp\/v2\/types\/post"}],"author":[{"embeddable":true,"href":"https:\/\/www.gruppofabbri.com\/fr\/wp-json\/wp\/v2\/users\/2"}],"replies":[{"embeddable":true,"href":"https:\/\/www.gruppofabbri.com\/fr\/wp-json\/wp\/v2\/comments?post=24298"}],"version-history":[{"count":4,"href":"https:\/\/www.gruppofabbri.com\/fr\/wp-json\/wp\/v2\/posts\/24298\/revisions"}],"predecessor-version":[{"id":24328,"href":"https:\/\/www.gruppofabbri.com\/fr\/wp-json\/wp\/v2\/posts\/24298\/revisions\/24328"}],"wp:featuredmedia":[{"embeddable":true,"href":"https:\/\/www.gruppofabbri.com\/fr\/wp-json\/wp\/v2\/media\/24308"}],"wp:attachment":[{"href":"https:\/\/www.gruppofabbri.com\/fr\/wp-json\/wp\/v2\/media?parent=24298"}],"wp:term":[{"taxonomy":"category","embeddable":true,"href":"https:\/\/www.gruppofabbri.com\/fr\/wp-json\/wp\/v2\/categories?post=24298"},{"taxonomy":"post_tag","embeddable":true,"href":"https:\/\/www.gruppofabbri.com\/fr\/wp-json\/wp\/v2\/tags?post=24298"}],"curies":[{"name":"wp","href":"https:\/\/api.w.org\/{rel}","templated":true}]}}