{"id":23086,"date":"2022-09-27T16:42:56","date_gmt":"2022-09-27T14:42:56","guid":{"rendered":"https:\/\/www.gruppofabbri.com\/pack-expo\/"},"modified":"2025-04-22T16:42:52","modified_gmt":"2025-04-22T14:42:52","slug":"pack-expo","status":"publish","type":"post","link":"https:\/\/www.gruppofabbri.com\/fr\/pack-expo\/","title":{"rendered":"Rencontrons-nous \u00e0 Pack Expo International 2022"},"content":{"rendered":"<p>L&rsquo;automne a commenc\u00e9 et <strong>Pack Expo International 2022<\/strong> nous attend pour nous rencontrer !<\/p>\n<p>Venez nous rendre visite \u00e0 Chicago lors de l&rsquo;un des plus importants salons B2B du secteur de l&#8217;emballage \u00e0 l&rsquo;\u00e9chelle mondiale :<\/p>\n<p><strong>Pack Expo International 2022<\/strong><br \/>\n23-26.10.2022<br \/>\nMcCormick Place, Chicago (U.S.A.)<br \/>\nPavillon de l&rsquo;Italie<br \/>\n<strong>Stand \u00ab\u00a0Fabbri Group\u00a0\u00bb no. 8449<\/strong><\/p>\n<p>Nous parlerons de :<\/p>\n<ul>\n<li>Toutes nos solutions de films durables, parmi lesquelles <strong><a href=\"https:\/\/www.gruppofabbri.com\/fr\/produits\/films-et-pellicules\/films-compostables-et-biosources\/nature-fresh\/\">NATURE FRESH<\/a><\/strong>, le film alimentaire compostable pour le conditionnement automatique et manuel des produits alimentaires<\/li>\n<li>Notre offre compl\u00e8te de machines <strong>&#8211; des machines d&#8217;emballage et de conditionnement d&rsquo;entr\u00e9e de gamme, aux lignes d&rsquo;operculage compl\u00e8tes et sur mesure<\/strong> &#8211; notamment les gammes <a href=\"https:\/\/www.gruppofabbri.com\/fr\/produits\/machines-demballage\/machines-a-emballer-automatiques\/\"><strong>Elixa<\/strong>, <strong>Automac <\/strong><\/a>et <strong><a href=\"https:\/\/www.gruppofabbri.com\/fr\/produits\/machines-demballage\/thermoscelleuses-automatiques\/\">CAVECO<\/a><\/strong> : des dizaines de mod\u00e8les pour votre emballage parfait !<\/li>\n<\/ul>\n<p>Et ce n&rsquo;est pas tout !<\/p>\n<p>Vous serez \u00e9galement invit\u00e9s \u00e0 tester en direct la solution de haute productivit\u00e9 Fabbri <a href=\"https:\/\/www.gruppofabbri.com\/fr\/produits\/machines-demballage\/machines-a-emballer-automatiques\/\"><strong>Automac<\/strong><\/a> chez <strong>Reise<\/strong>r, distributeur officiel de Fabbri aux \u00c9tats-Unis :<\/p>\n<p><strong>Pack Expo International 2022<br \/>\n<\/strong>23-26.10.2022<br \/>\nMcCormick Place, Chicago (U.S.A.)<br \/>\n<strong>Stand \u00ab\u00a0Reiser\u00a0\u00bb no. S-2566<\/strong><\/p>\n<p>Qu&rsquo;attendez-vous ?<\/p>\n<p>\u2192 Cliquez et inscrivez-vous gratuitement d\u00e8s maintenant en utilisant le code d&rsquo;invitation Fabbri <a href=\"https:\/\/pei22.nvytes.co\/lp22\/87B17.html\" target=\"_blank\" rel=\"noopener\">ici<\/a>.<br \/>\n\u2192 Contactez-nous et prenez rendez-vous : <a href=\"mailto:sales@gruppofabbri.com\">sales@gruppofabbri.com<\/a><br \/>\n\u2192 D\u00e9couvrez le portefeuille complet de machines, films et logiciels Fabbri <a href=\"https:\/\/www.gruppofabbri.com\/fr\/produits\/\">ici<\/a>.<\/p>\n","protected":false},"excerpt":{"rendered":"<p>L&rsquo;automne a commenc\u00e9 et Pack Expo International 2022 nous attend pour nous rencontrer ! Venez&#8230;<\/p>\n","protected":false},"author":2,"featured_media":23080,"comment_status":"closed","ping_status":"closed","sticky":false,"template":"","format":"standard","meta":{"footnotes":""},"categories":[186],"tags":[],"class_list":{"0":"post-23086","1":"post","2":"type-post","3":"status-publish","4":"format-standard","5":"has-post-thumbnail","7":"category-evenements"},"yoast_head":"<!-- This site is optimized with the Yoast SEO plugin v27.4 - https:\/\/yoast.com\/product\/yoast-seo-wordpress\/ -->\n<title>Rencontrons-nous \u00e0 Pack Expo International 2022 - Gruppo Fabbri | Official WebSite<\/title>\n<meta name=\"robots\" content=\"index, follow, max-snippet:-1, max-image-preview:large, max-video-preview:-1\" \/>\n<link rel=\"canonical\" href=\"https:\/\/www.gruppofabbri.com\/fr\/pack-expo\/\" \/>\n<meta property=\"og:locale\" content=\"fr_FR\" \/>\n<meta property=\"og:type\" content=\"article\" \/>\n<meta property=\"og:title\" content=\"Rencontrons-nous \u00e0 Pack Expo International 2022 - Gruppo Fabbri | Official WebSite\" \/>\n<meta property=\"og:description\" content=\"L&rsquo;automne a commenc\u00e9 et Pack Expo International 2022 nous attend pour nous rencontrer ! Venez...\" \/>\n<meta property=\"og:url\" content=\"https:\/\/www.gruppofabbri.com\/fr\/pack-expo\/\" \/>\n<meta property=\"og:site_name\" content=\"Gruppo Fabbri | Official WebSite\" \/>\n<meta property=\"article:published_time\" content=\"2022-09-27T14:42:56+00:00\" \/>\n<meta property=\"article:modified_time\" content=\"2025-04-22T14:42:52+00:00\" \/>\n<meta property=\"og:image\" content=\"https:\/\/www.gruppofabbri.com\/wp-content\/uploads\/2022\/09\/Fabbri-Group-PACK-EXPO-International-2022.png\" \/>\n\t<meta property=\"og:image:width\" content=\"1600\" \/>\n\t<meta property=\"og:image:height\" content=\"700\" \/>\n\t<meta property=\"og:image:type\" content=\"image\/png\" \/>\n<meta name=\"author\" content=\"Gruppo Fabbri\" \/>\n<meta name=\"twitter:card\" content=\"summary_large_image\" \/>\n<meta name=\"twitter:label1\" content=\"\u00c9crit par\" \/>\n\t<meta name=\"twitter:data1\" content=\"Gruppo Fabbri\" \/>\n\t<meta name=\"twitter:label2\" content=\"Dur\u00e9e de lecture estim\u00e9e\" \/>\n\t<meta name=\"twitter:data2\" content=\"1 minute\" \/>\n<script type=\"application\/ld+json\" class=\"yoast-schema-graph\">{\"@context\":\"https:\\\/\\\/schema.org\",\"@graph\":[{\"@type\":\"Article\",\"@id\":\"https:\\\/\\\/www.gruppofabbri.com\\\/fr\\\/pack-expo\\\/#article\",\"isPartOf\":{\"@id\":\"https:\\\/\\\/www.gruppofabbri.com\\\/fr\\\/pack-expo\\\/\"},\"author\":{\"name\":\"Gruppo Fabbri\",\"@id\":\"https:\\\/\\\/www.gruppofabbri.com\\\/fr\\\/#\\\/schema\\\/person\\\/33cf2b03fc6e44ac72f18d728fe1d8ef\"},\"headline\":\"Rencontrons-nous \u00e0 Pack Expo International 2022\",\"datePublished\":\"2022-09-27T14:42:56+00:00\",\"dateModified\":\"2025-04-22T14:42:52+00:00\",\"mainEntityOfPage\":{\"@id\":\"https:\\\/\\\/www.gruppofabbri.com\\\/fr\\\/pack-expo\\\/\"},\"wordCount\":208,\"image\":{\"@id\":\"https:\\\/\\\/www.gruppofabbri.com\\\/fr\\\/pack-expo\\\/#primaryimage\"},\"thumbnailUrl\":\"https:\\\/\\\/www.gruppofabbri.com\\\/wp-content\\\/uploads\\\/2022\\\/09\\\/Fabbri-Group-PACK-EXPO-International-2022.png\",\"articleSection\":[\"Ev\u00e9nements\"],\"inLanguage\":\"fr-FR\"},{\"@type\":\"WebPage\",\"@id\":\"https:\\\/\\\/www.gruppofabbri.com\\\/fr\\\/pack-expo\\\/\",\"url\":\"https:\\\/\\\/www.gruppofabbri.com\\\/fr\\\/pack-expo\\\/\",\"name\":\"Rencontrons-nous \u00e0 Pack Expo International 2022 - Gruppo Fabbri | Official WebSite\",\"isPartOf\":{\"@id\":\"https:\\\/\\\/www.gruppofabbri.com\\\/fr\\\/#website\"},\"primaryImageOfPage\":{\"@id\":\"https:\\\/\\\/www.gruppofabbri.com\\\/fr\\\/pack-expo\\\/#primaryimage\"},\"image\":{\"@id\":\"https:\\\/\\\/www.gruppofabbri.com\\\/fr\\\/pack-expo\\\/#primaryimage\"},\"thumbnailUrl\":\"https:\\\/\\\/www.gruppofabbri.com\\\/wp-content\\\/uploads\\\/2022\\\/09\\\/Fabbri-Group-PACK-EXPO-International-2022.png\",\"datePublished\":\"2022-09-27T14:42:56+00:00\",\"dateModified\":\"2025-04-22T14:42:52+00:00\",\"author\":{\"@id\":\"https:\\\/\\\/www.gruppofabbri.com\\\/fr\\\/#\\\/schema\\\/person\\\/33cf2b03fc6e44ac72f18d728fe1d8ef\"},\"breadcrumb\":{\"@id\":\"https:\\\/\\\/www.gruppofabbri.com\\\/fr\\\/pack-expo\\\/#breadcrumb\"},\"inLanguage\":\"fr-FR\",\"potentialAction\":[{\"@type\":\"ReadAction\",\"target\":[\"https:\\\/\\\/www.gruppofabbri.com\\\/fr\\\/pack-expo\\\/\"]}]},{\"@type\":\"ImageObject\",\"inLanguage\":\"fr-FR\",\"@id\":\"https:\\\/\\\/www.gruppofabbri.com\\\/fr\\\/pack-expo\\\/#primaryimage\",\"url\":\"https:\\\/\\\/www.gruppofabbri.com\\\/wp-content\\\/uploads\\\/2022\\\/09\\\/Fabbri-Group-PACK-EXPO-International-2022.png\",\"contentUrl\":\"https:\\\/\\\/www.gruppofabbri.com\\\/wp-content\\\/uploads\\\/2022\\\/09\\\/Fabbri-Group-PACK-EXPO-International-2022.png\",\"width\":1600,\"height\":700},{\"@type\":\"BreadcrumbList\",\"@id\":\"https:\\\/\\\/www.gruppofabbri.com\\\/fr\\\/pack-expo\\\/#breadcrumb\",\"itemListElement\":[]},{\"@type\":\"WebSite\",\"@id\":\"https:\\\/\\\/www.gruppofabbri.com\\\/fr\\\/#website\",\"url\":\"https:\\\/\\\/www.gruppofabbri.com\\\/fr\\\/\",\"name\":\"Gruppo Fabbri | Official WebSite\",\"description\":\"Macchine e Film per l&#039;imballaggio e confezionamento alimentare\",\"potentialAction\":[{\"@type\":\"SearchAction\",\"target\":{\"@type\":\"EntryPoint\",\"urlTemplate\":\"https:\\\/\\\/www.gruppofabbri.com\\\/fr\\\/?s={search_term_string}\"},\"query-input\":{\"@type\":\"PropertyValueSpecification\",\"valueRequired\":true,\"valueName\":\"search_term_string\"}}],\"inLanguage\":\"fr-FR\"},{\"@type\":\"Person\",\"@id\":\"https:\\\/\\\/www.gruppofabbri.com\\\/fr\\\/#\\\/schema\\\/person\\\/33cf2b03fc6e44ac72f18d728fe1d8ef\",\"name\":\"Gruppo Fabbri\",\"image\":{\"@type\":\"ImageObject\",\"inLanguage\":\"fr-FR\",\"@id\":\"https:\\\/\\\/secure.gravatar.com\\\/avatar\\\/2ea20aed01c949fd936ec2931e3e3543103e3e295d2997c8091910f331d19d95?s=96&d=mm&r=g\",\"url\":\"https:\\\/\\\/secure.gravatar.com\\\/avatar\\\/2ea20aed01c949fd936ec2931e3e3543103e3e295d2997c8091910f331d19d95?s=96&d=mm&r=g\",\"contentUrl\":\"https:\\\/\\\/secure.gravatar.com\\\/avatar\\\/2ea20aed01c949fd936ec2931e3e3543103e3e295d2997c8091910f331d19d95?s=96&d=mm&r=g\",\"caption\":\"Gruppo Fabbri\"},\"url\":\"https:\\\/\\\/www.gruppofabbri.com\\\/fr\\\/author\\\/gruppo-fabbri\\\/\"}]}<\/script>\n<!-- \/ Yoast SEO plugin. -->","yoast_head_json":{"title":"Rencontrons-nous \u00e0 Pack Expo International 2022 - Gruppo Fabbri | Official WebSite","robots":{"index":"index","follow":"follow","max-snippet":"max-snippet:-1","max-image-preview":"max-image-preview:large","max-video-preview":"max-video-preview:-1"},"canonical":"https:\/\/www.gruppofabbri.com\/fr\/pack-expo\/","og_locale":"fr_FR","og_type":"article","og_title":"Rencontrons-nous \u00e0 Pack Expo International 2022 - Gruppo Fabbri | Official WebSite","og_description":"L&rsquo;automne a commenc\u00e9 et Pack Expo International 2022 nous attend pour nous rencontrer ! Venez...","og_url":"https:\/\/www.gruppofabbri.com\/fr\/pack-expo\/","og_site_name":"Gruppo Fabbri | Official WebSite","article_published_time":"2022-09-27T14:42:56+00:00","article_modified_time":"2025-04-22T14:42:52+00:00","og_image":[{"width":1600,"height":700,"url":"https:\/\/www.gruppofabbri.com\/wp-content\/uploads\/2022\/09\/Fabbri-Group-PACK-EXPO-International-2022.png","type":"image\/png"}],"author":"Gruppo Fabbri","twitter_card":"summary_large_image","twitter_misc":{"\u00c9crit par":"Gruppo Fabbri","Dur\u00e9e de lecture estim\u00e9e":"1 minute"},"schema":{"@context":"https:\/\/schema.org","@graph":[{"@type":"Article","@id":"https:\/\/www.gruppofabbri.com\/fr\/pack-expo\/#article","isPartOf":{"@id":"https:\/\/www.gruppofabbri.com\/fr\/pack-expo\/"},"author":{"name":"Gruppo Fabbri","@id":"https:\/\/www.gruppofabbri.com\/fr\/#\/schema\/person\/33cf2b03fc6e44ac72f18d728fe1d8ef"},"headline":"Rencontrons-nous \u00e0 Pack Expo International 2022","datePublished":"2022-09-27T14:42:56+00:00","dateModified":"2025-04-22T14:42:52+00:00","mainEntityOfPage":{"@id":"https:\/\/www.gruppofabbri.com\/fr\/pack-expo\/"},"wordCount":208,"image":{"@id":"https:\/\/www.gruppofabbri.com\/fr\/pack-expo\/#primaryimage"},"thumbnailUrl":"https:\/\/www.gruppofabbri.com\/wp-content\/uploads\/2022\/09\/Fabbri-Group-PACK-EXPO-International-2022.png","articleSection":["Ev\u00e9nements"],"inLanguage":"fr-FR"},{"@type":"WebPage","@id":"https:\/\/www.gruppofabbri.com\/fr\/pack-expo\/","url":"https:\/\/www.gruppofabbri.com\/fr\/pack-expo\/","name":"Rencontrons-nous \u00e0 Pack Expo International 2022 - Gruppo Fabbri | Official WebSite","isPartOf":{"@id":"https:\/\/www.gruppofabbri.com\/fr\/#website"},"primaryImageOfPage":{"@id":"https:\/\/www.gruppofabbri.com\/fr\/pack-expo\/#primaryimage"},"image":{"@id":"https:\/\/www.gruppofabbri.com\/fr\/pack-expo\/#primaryimage"},"thumbnailUrl":"https:\/\/www.gruppofabbri.com\/wp-content\/uploads\/2022\/09\/Fabbri-Group-PACK-EXPO-International-2022.png","datePublished":"2022-09-27T14:42:56+00:00","dateModified":"2025-04-22T14:42:52+00:00","author":{"@id":"https:\/\/www.gruppofabbri.com\/fr\/#\/schema\/person\/33cf2b03fc6e44ac72f18d728fe1d8ef"},"breadcrumb":{"@id":"https:\/\/www.gruppofabbri.com\/fr\/pack-expo\/#breadcrumb"},"inLanguage":"fr-FR","potentialAction":[{"@type":"ReadAction","target":["https:\/\/www.gruppofabbri.com\/fr\/pack-expo\/"]}]},{"@type":"ImageObject","inLanguage":"fr-FR","@id":"https:\/\/www.gruppofabbri.com\/fr\/pack-expo\/#primaryimage","url":"https:\/\/www.gruppofabbri.com\/wp-content\/uploads\/2022\/09\/Fabbri-Group-PACK-EXPO-International-2022.png","contentUrl":"https:\/\/www.gruppofabbri.com\/wp-content\/uploads\/2022\/09\/Fabbri-Group-PACK-EXPO-International-2022.png","width":1600,"height":700},{"@type":"BreadcrumbList","@id":"https:\/\/www.gruppofabbri.com\/fr\/pack-expo\/#breadcrumb","itemListElement":[]},{"@type":"WebSite","@id":"https:\/\/www.gruppofabbri.com\/fr\/#website","url":"https:\/\/www.gruppofabbri.com\/fr\/","name":"Gruppo Fabbri | Official WebSite","description":"Macchine e Film per l&#039;imballaggio e confezionamento alimentare","potentialAction":[{"@type":"SearchAction","target":{"@type":"EntryPoint","urlTemplate":"https:\/\/www.gruppofabbri.com\/fr\/?s={search_term_string}"},"query-input":{"@type":"PropertyValueSpecification","valueRequired":true,"valueName":"search_term_string"}}],"inLanguage":"fr-FR"},{"@type":"Person","@id":"https:\/\/www.gruppofabbri.com\/fr\/#\/schema\/person\/33cf2b03fc6e44ac72f18d728fe1d8ef","name":"Gruppo Fabbri","image":{"@type":"ImageObject","inLanguage":"fr-FR","@id":"https:\/\/secure.gravatar.com\/avatar\/2ea20aed01c949fd936ec2931e3e3543103e3e295d2997c8091910f331d19d95?s=96&d=mm&r=g","url":"https:\/\/secure.gravatar.com\/avatar\/2ea20aed01c949fd936ec2931e3e3543103e3e295d2997c8091910f331d19d95?s=96&d=mm&r=g","contentUrl":"https:\/\/secure.gravatar.com\/avatar\/2ea20aed01c949fd936ec2931e3e3543103e3e295d2997c8091910f331d19d95?s=96&d=mm&r=g","caption":"Gruppo Fabbri"},"url":"https:\/\/www.gruppofabbri.com\/fr\/author\/gruppo-fabbri\/"}]}},"_links":{"self":[{"href":"https:\/\/www.gruppofabbri.com\/fr\/wp-json\/wp\/v2\/posts\/23086","targetHints":{"allow":["GET"]}}],"collection":[{"href":"https:\/\/www.gruppofabbri.com\/fr\/wp-json\/wp\/v2\/posts"}],"about":[{"href":"https:\/\/www.gruppofabbri.com\/fr\/wp-json\/wp\/v2\/types\/post"}],"author":[{"embeddable":true,"href":"https:\/\/www.gruppofabbri.com\/fr\/wp-json\/wp\/v2\/users\/2"}],"replies":[{"embeddable":true,"href":"https:\/\/www.gruppofabbri.com\/fr\/wp-json\/wp\/v2\/comments?post=23086"}],"version-history":[{"count":7,"href":"https:\/\/www.gruppofabbri.com\/fr\/wp-json\/wp\/v2\/posts\/23086\/revisions"}],"predecessor-version":[{"id":29829,"href":"https:\/\/www.gruppofabbri.com\/fr\/wp-json\/wp\/v2\/posts\/23086\/revisions\/29829"}],"wp:featuredmedia":[{"embeddable":true,"href":"https:\/\/www.gruppofabbri.com\/fr\/wp-json\/wp\/v2\/media\/23080"}],"wp:attachment":[{"href":"https:\/\/www.gruppofabbri.com\/fr\/wp-json\/wp\/v2\/media?parent=23086"}],"wp:term":[{"taxonomy":"category","embeddable":true,"href":"https:\/\/www.gruppofabbri.com\/fr\/wp-json\/wp\/v2\/categories?post=23086"},{"taxonomy":"post_tag","embeddable":true,"href":"https:\/\/www.gruppofabbri.com\/fr\/wp-json\/wp\/v2\/tags?post=23086"}],"curies":[{"name":"wp","href":"https:\/\/api.w.org\/{rel}","templated":true}]}}