{"id":22995,"date":"2022-09-06T11:46:03","date_gmt":"2022-09-06T09:46:03","guid":{"rendered":"https:\/\/www.gruppofabbri.com\/appuntamento-con-gruppo-fabbri-a-ibie-2022\/"},"modified":"2023-03-29T15:32:42","modified_gmt":"2023-03-29T13:32:42","slug":"appuntamento-con-gruppo-fabbri-a-ibie-2022","status":"publish","type":"post","link":"https:\/\/www.gruppofabbri.com\/fr\/appuntamento-con-gruppo-fabbri-a-ibie-2022\/","title":{"rendered":"Rendez-vous avec Fabbri Group \u00e0 l&rsquo;IBIE 2022, Las Vegas"},"content":{"rendered":"<p>Du 18 au 21 septembre 2022, Fabbri Group participera au salon <strong>IBIE 2022<\/strong> avec Reiser, distributeur officiel de Fabbri pour le march\u00e9 am\u00e9ricain.<\/p>\n<p>Venez nous rendre visite :<br \/>\n<em>Centre de convention de Las Vegas<\/em><br \/>\n<em>Stand Reiser n\u00b0 2145<\/em><\/p>\n<p>Notre \u00e9quipe se r\u00e9jouit de vous rencontrer avec des d\u00e9monstrations non-stop de la machine \u00e0 emballer <a href=\"https:\/\/www.gruppofabbri.com\/en\/our-products\/packaging-machines\/automatic-wrapping-machines\/automac-40\/\">Automac 40<\/a>, dot\u00e9e d&rsquo;une configuration \u00e0 double bobine pour une productivit\u00e9 maximale&#8230;.<\/p>\n<p>\u2192 Cliquez <a href=\"mailto:j.belair@gruppofabbri.com\">ici<\/a> et prenez rendez-vous d\u00e8s maintenant !<br \/>\n\u2192 D\u00e9couvrez les autres machines de conditionnement de la gamme <a href=\"https:\/\/www.gruppofabbri.com\/en\/our-products\/packaging-machines\/automatic-wrapping-machines\/#row_automac\">Automac<\/a>.<\/p>\n<p>&nbsp;<\/p>\n","protected":false},"excerpt":{"rendered":"<p>Du 18 au 21 septembre 2022, Fabbri Group participera au salon IBIE 2022 avec Reiser,&#8230;<\/p>\n","protected":false},"author":2,"featured_media":22988,"comment_status":"closed","ping_status":"closed","sticky":false,"template":"","format":"standard","meta":{"footnotes":""},"categories":[186],"tags":[],"class_list":{"0":"post-22995","1":"post","2":"type-post","3":"status-publish","4":"format-standard","5":"has-post-thumbnail","7":"category-evenements"},"yoast_head":"<!-- This site is optimized with the Yoast SEO plugin v27.4 - https:\/\/yoast.com\/product\/yoast-seo-wordpress\/ -->\n<title>Rendez-vous avec Fabbri Group \u00e0 l&#039;IBIE 2022, Las Vegas - Gruppo Fabbri | Official WebSite<\/title>\n<meta name=\"robots\" content=\"index, follow, max-snippet:-1, max-image-preview:large, max-video-preview:-1\" \/>\n<link rel=\"canonical\" href=\"https:\/\/www.gruppofabbri.com\/fr\/appuntamento-con-gruppo-fabbri-a-ibie-2022\/\" \/>\n<meta property=\"og:locale\" content=\"fr_FR\" \/>\n<meta property=\"og:type\" content=\"article\" \/>\n<meta property=\"og:title\" content=\"Rendez-vous avec Fabbri Group \u00e0 l&#039;IBIE 2022, Las Vegas - Gruppo Fabbri | Official WebSite\" \/>\n<meta property=\"og:description\" content=\"Du 18 au 21 septembre 2022, Fabbri Group participera au salon IBIE 2022 avec Reiser,...\" \/>\n<meta property=\"og:url\" content=\"https:\/\/www.gruppofabbri.com\/fr\/appuntamento-con-gruppo-fabbri-a-ibie-2022\/\" \/>\n<meta property=\"og:site_name\" content=\"Gruppo Fabbri | Official WebSite\" \/>\n<meta property=\"article:published_time\" content=\"2022-09-06T09:46:03+00:00\" \/>\n<meta property=\"article:modified_time\" content=\"2023-03-29T13:32:42+00:00\" \/>\n<meta property=\"og:image\" content=\"https:\/\/www.gruppofabbri.com\/wp-content\/uploads\/2022\/09\/IBIE_2022-Fabbri_Group.png\" \/>\n\t<meta property=\"og:image:width\" content=\"1600\" \/>\n\t<meta property=\"og:image:height\" content=\"700\" \/>\n\t<meta property=\"og:image:type\" content=\"image\/png\" \/>\n<meta name=\"author\" content=\"Gruppo Fabbri\" \/>\n<meta name=\"twitter:card\" content=\"summary_large_image\" \/>\n<meta name=\"twitter:label1\" content=\"\u00c9crit par\" \/>\n\t<meta name=\"twitter:data1\" content=\"Gruppo Fabbri\" \/>\n<script type=\"application\/ld+json\" class=\"yoast-schema-graph\">{\"@context\":\"https:\\\/\\\/schema.org\",\"@graph\":[{\"@type\":\"Article\",\"@id\":\"https:\\\/\\\/www.gruppofabbri.com\\\/fr\\\/appuntamento-con-gruppo-fabbri-a-ibie-2022\\\/#article\",\"isPartOf\":{\"@id\":\"https:\\\/\\\/www.gruppofabbri.com\\\/fr\\\/appuntamento-con-gruppo-fabbri-a-ibie-2022\\\/\"},\"author\":{\"name\":\"Gruppo Fabbri\",\"@id\":\"https:\\\/\\\/www.gruppofabbri.com\\\/fr\\\/#\\\/schema\\\/person\\\/33cf2b03fc6e44ac72f18d728fe1d8ef\"},\"headline\":\"Rendez-vous avec Fabbri Group \u00e0 l&rsquo;IBIE 2022, Las Vegas\",\"datePublished\":\"2022-09-06T09:46:03+00:00\",\"dateModified\":\"2023-03-29T13:32:42+00:00\",\"mainEntityOfPage\":{\"@id\":\"https:\\\/\\\/www.gruppofabbri.com\\\/fr\\\/appuntamento-con-gruppo-fabbri-a-ibie-2022\\\/\"},\"wordCount\":90,\"image\":{\"@id\":\"https:\\\/\\\/www.gruppofabbri.com\\\/fr\\\/appuntamento-con-gruppo-fabbri-a-ibie-2022\\\/#primaryimage\"},\"thumbnailUrl\":\"https:\\\/\\\/www.gruppofabbri.com\\\/wp-content\\\/uploads\\\/2022\\\/09\\\/IBIE_2022-Fabbri_Group.png\",\"articleSection\":[\"Ev\u00e9nements\"],\"inLanguage\":\"fr-FR\"},{\"@type\":\"WebPage\",\"@id\":\"https:\\\/\\\/www.gruppofabbri.com\\\/fr\\\/appuntamento-con-gruppo-fabbri-a-ibie-2022\\\/\",\"url\":\"https:\\\/\\\/www.gruppofabbri.com\\\/fr\\\/appuntamento-con-gruppo-fabbri-a-ibie-2022\\\/\",\"name\":\"Rendez-vous avec Fabbri Group \u00e0 l'IBIE 2022, Las Vegas - Gruppo Fabbri | Official WebSite\",\"isPartOf\":{\"@id\":\"https:\\\/\\\/www.gruppofabbri.com\\\/fr\\\/#website\"},\"primaryImageOfPage\":{\"@id\":\"https:\\\/\\\/www.gruppofabbri.com\\\/fr\\\/appuntamento-con-gruppo-fabbri-a-ibie-2022\\\/#primaryimage\"},\"image\":{\"@id\":\"https:\\\/\\\/www.gruppofabbri.com\\\/fr\\\/appuntamento-con-gruppo-fabbri-a-ibie-2022\\\/#primaryimage\"},\"thumbnailUrl\":\"https:\\\/\\\/www.gruppofabbri.com\\\/wp-content\\\/uploads\\\/2022\\\/09\\\/IBIE_2022-Fabbri_Group.png\",\"datePublished\":\"2022-09-06T09:46:03+00:00\",\"dateModified\":\"2023-03-29T13:32:42+00:00\",\"author\":{\"@id\":\"https:\\\/\\\/www.gruppofabbri.com\\\/fr\\\/#\\\/schema\\\/person\\\/33cf2b03fc6e44ac72f18d728fe1d8ef\"},\"breadcrumb\":{\"@id\":\"https:\\\/\\\/www.gruppofabbri.com\\\/fr\\\/appuntamento-con-gruppo-fabbri-a-ibie-2022\\\/#breadcrumb\"},\"inLanguage\":\"fr-FR\",\"potentialAction\":[{\"@type\":\"ReadAction\",\"target\":[\"https:\\\/\\\/www.gruppofabbri.com\\\/fr\\\/appuntamento-con-gruppo-fabbri-a-ibie-2022\\\/\"]}]},{\"@type\":\"ImageObject\",\"inLanguage\":\"fr-FR\",\"@id\":\"https:\\\/\\\/www.gruppofabbri.com\\\/fr\\\/appuntamento-con-gruppo-fabbri-a-ibie-2022\\\/#primaryimage\",\"url\":\"https:\\\/\\\/www.gruppofabbri.com\\\/wp-content\\\/uploads\\\/2022\\\/09\\\/IBIE_2022-Fabbri_Group.png\",\"contentUrl\":\"https:\\\/\\\/www.gruppofabbri.com\\\/wp-content\\\/uploads\\\/2022\\\/09\\\/IBIE_2022-Fabbri_Group.png\",\"width\":1600,\"height\":700},{\"@type\":\"BreadcrumbList\",\"@id\":\"https:\\\/\\\/www.gruppofabbri.com\\\/fr\\\/appuntamento-con-gruppo-fabbri-a-ibie-2022\\\/#breadcrumb\",\"itemListElement\":[]},{\"@type\":\"WebSite\",\"@id\":\"https:\\\/\\\/www.gruppofabbri.com\\\/fr\\\/#website\",\"url\":\"https:\\\/\\\/www.gruppofabbri.com\\\/fr\\\/\",\"name\":\"Gruppo Fabbri | Official WebSite\",\"description\":\"Macchine e Film per l&#039;imballaggio e confezionamento alimentare\",\"potentialAction\":[{\"@type\":\"SearchAction\",\"target\":{\"@type\":\"EntryPoint\",\"urlTemplate\":\"https:\\\/\\\/www.gruppofabbri.com\\\/fr\\\/?s={search_term_string}\"},\"query-input\":{\"@type\":\"PropertyValueSpecification\",\"valueRequired\":true,\"valueName\":\"search_term_string\"}}],\"inLanguage\":\"fr-FR\"},{\"@type\":\"Person\",\"@id\":\"https:\\\/\\\/www.gruppofabbri.com\\\/fr\\\/#\\\/schema\\\/person\\\/33cf2b03fc6e44ac72f18d728fe1d8ef\",\"name\":\"Gruppo Fabbri\",\"image\":{\"@type\":\"ImageObject\",\"inLanguage\":\"fr-FR\",\"@id\":\"https:\\\/\\\/secure.gravatar.com\\\/avatar\\\/2ea20aed01c949fd936ec2931e3e3543103e3e295d2997c8091910f331d19d95?s=96&d=mm&r=g\",\"url\":\"https:\\\/\\\/secure.gravatar.com\\\/avatar\\\/2ea20aed01c949fd936ec2931e3e3543103e3e295d2997c8091910f331d19d95?s=96&d=mm&r=g\",\"contentUrl\":\"https:\\\/\\\/secure.gravatar.com\\\/avatar\\\/2ea20aed01c949fd936ec2931e3e3543103e3e295d2997c8091910f331d19d95?s=96&d=mm&r=g\",\"caption\":\"Gruppo Fabbri\"},\"url\":\"https:\\\/\\\/www.gruppofabbri.com\\\/fr\\\/author\\\/gruppo-fabbri\\\/\"}]}<\/script>\n<!-- \/ Yoast SEO plugin. -->","yoast_head_json":{"title":"Rendez-vous avec Fabbri Group \u00e0 l'IBIE 2022, Las Vegas - Gruppo Fabbri | Official WebSite","robots":{"index":"index","follow":"follow","max-snippet":"max-snippet:-1","max-image-preview":"max-image-preview:large","max-video-preview":"max-video-preview:-1"},"canonical":"https:\/\/www.gruppofabbri.com\/fr\/appuntamento-con-gruppo-fabbri-a-ibie-2022\/","og_locale":"fr_FR","og_type":"article","og_title":"Rendez-vous avec Fabbri Group \u00e0 l'IBIE 2022, Las Vegas - Gruppo Fabbri | Official WebSite","og_description":"Du 18 au 21 septembre 2022, Fabbri Group participera au salon IBIE 2022 avec Reiser,...","og_url":"https:\/\/www.gruppofabbri.com\/fr\/appuntamento-con-gruppo-fabbri-a-ibie-2022\/","og_site_name":"Gruppo Fabbri | Official WebSite","article_published_time":"2022-09-06T09:46:03+00:00","article_modified_time":"2023-03-29T13:32:42+00:00","og_image":[{"width":1600,"height":700,"url":"https:\/\/www.gruppofabbri.com\/wp-content\/uploads\/2022\/09\/IBIE_2022-Fabbri_Group.png","type":"image\/png"}],"author":"Gruppo Fabbri","twitter_card":"summary_large_image","twitter_misc":{"\u00c9crit par":"Gruppo Fabbri"},"schema":{"@context":"https:\/\/schema.org","@graph":[{"@type":"Article","@id":"https:\/\/www.gruppofabbri.com\/fr\/appuntamento-con-gruppo-fabbri-a-ibie-2022\/#article","isPartOf":{"@id":"https:\/\/www.gruppofabbri.com\/fr\/appuntamento-con-gruppo-fabbri-a-ibie-2022\/"},"author":{"name":"Gruppo Fabbri","@id":"https:\/\/www.gruppofabbri.com\/fr\/#\/schema\/person\/33cf2b03fc6e44ac72f18d728fe1d8ef"},"headline":"Rendez-vous avec Fabbri Group \u00e0 l&rsquo;IBIE 2022, Las Vegas","datePublished":"2022-09-06T09:46:03+00:00","dateModified":"2023-03-29T13:32:42+00:00","mainEntityOfPage":{"@id":"https:\/\/www.gruppofabbri.com\/fr\/appuntamento-con-gruppo-fabbri-a-ibie-2022\/"},"wordCount":90,"image":{"@id":"https:\/\/www.gruppofabbri.com\/fr\/appuntamento-con-gruppo-fabbri-a-ibie-2022\/#primaryimage"},"thumbnailUrl":"https:\/\/www.gruppofabbri.com\/wp-content\/uploads\/2022\/09\/IBIE_2022-Fabbri_Group.png","articleSection":["Ev\u00e9nements"],"inLanguage":"fr-FR"},{"@type":"WebPage","@id":"https:\/\/www.gruppofabbri.com\/fr\/appuntamento-con-gruppo-fabbri-a-ibie-2022\/","url":"https:\/\/www.gruppofabbri.com\/fr\/appuntamento-con-gruppo-fabbri-a-ibie-2022\/","name":"Rendez-vous avec Fabbri Group \u00e0 l'IBIE 2022, Las Vegas - Gruppo Fabbri | Official WebSite","isPartOf":{"@id":"https:\/\/www.gruppofabbri.com\/fr\/#website"},"primaryImageOfPage":{"@id":"https:\/\/www.gruppofabbri.com\/fr\/appuntamento-con-gruppo-fabbri-a-ibie-2022\/#primaryimage"},"image":{"@id":"https:\/\/www.gruppofabbri.com\/fr\/appuntamento-con-gruppo-fabbri-a-ibie-2022\/#primaryimage"},"thumbnailUrl":"https:\/\/www.gruppofabbri.com\/wp-content\/uploads\/2022\/09\/IBIE_2022-Fabbri_Group.png","datePublished":"2022-09-06T09:46:03+00:00","dateModified":"2023-03-29T13:32:42+00:00","author":{"@id":"https:\/\/www.gruppofabbri.com\/fr\/#\/schema\/person\/33cf2b03fc6e44ac72f18d728fe1d8ef"},"breadcrumb":{"@id":"https:\/\/www.gruppofabbri.com\/fr\/appuntamento-con-gruppo-fabbri-a-ibie-2022\/#breadcrumb"},"inLanguage":"fr-FR","potentialAction":[{"@type":"ReadAction","target":["https:\/\/www.gruppofabbri.com\/fr\/appuntamento-con-gruppo-fabbri-a-ibie-2022\/"]}]},{"@type":"ImageObject","inLanguage":"fr-FR","@id":"https:\/\/www.gruppofabbri.com\/fr\/appuntamento-con-gruppo-fabbri-a-ibie-2022\/#primaryimage","url":"https:\/\/www.gruppofabbri.com\/wp-content\/uploads\/2022\/09\/IBIE_2022-Fabbri_Group.png","contentUrl":"https:\/\/www.gruppofabbri.com\/wp-content\/uploads\/2022\/09\/IBIE_2022-Fabbri_Group.png","width":1600,"height":700},{"@type":"BreadcrumbList","@id":"https:\/\/www.gruppofabbri.com\/fr\/appuntamento-con-gruppo-fabbri-a-ibie-2022\/#breadcrumb","itemListElement":[]},{"@type":"WebSite","@id":"https:\/\/www.gruppofabbri.com\/fr\/#website","url":"https:\/\/www.gruppofabbri.com\/fr\/","name":"Gruppo Fabbri | Official WebSite","description":"Macchine e Film per l&#039;imballaggio e confezionamento alimentare","potentialAction":[{"@type":"SearchAction","target":{"@type":"EntryPoint","urlTemplate":"https:\/\/www.gruppofabbri.com\/fr\/?s={search_term_string}"},"query-input":{"@type":"PropertyValueSpecification","valueRequired":true,"valueName":"search_term_string"}}],"inLanguage":"fr-FR"},{"@type":"Person","@id":"https:\/\/www.gruppofabbri.com\/fr\/#\/schema\/person\/33cf2b03fc6e44ac72f18d728fe1d8ef","name":"Gruppo Fabbri","image":{"@type":"ImageObject","inLanguage":"fr-FR","@id":"https:\/\/secure.gravatar.com\/avatar\/2ea20aed01c949fd936ec2931e3e3543103e3e295d2997c8091910f331d19d95?s=96&d=mm&r=g","url":"https:\/\/secure.gravatar.com\/avatar\/2ea20aed01c949fd936ec2931e3e3543103e3e295d2997c8091910f331d19d95?s=96&d=mm&r=g","contentUrl":"https:\/\/secure.gravatar.com\/avatar\/2ea20aed01c949fd936ec2931e3e3543103e3e295d2997c8091910f331d19d95?s=96&d=mm&r=g","caption":"Gruppo Fabbri"},"url":"https:\/\/www.gruppofabbri.com\/fr\/author\/gruppo-fabbri\/"}]}},"_links":{"self":[{"href":"https:\/\/www.gruppofabbri.com\/fr\/wp-json\/wp\/v2\/posts\/22995","targetHints":{"allow":["GET"]}}],"collection":[{"href":"https:\/\/www.gruppofabbri.com\/fr\/wp-json\/wp\/v2\/posts"}],"about":[{"href":"https:\/\/www.gruppofabbri.com\/fr\/wp-json\/wp\/v2\/types\/post"}],"author":[{"embeddable":true,"href":"https:\/\/www.gruppofabbri.com\/fr\/wp-json\/wp\/v2\/users\/2"}],"replies":[{"embeddable":true,"href":"https:\/\/www.gruppofabbri.com\/fr\/wp-json\/wp\/v2\/comments?post=22995"}],"version-history":[{"count":2,"href":"https:\/\/www.gruppofabbri.com\/fr\/wp-json\/wp\/v2\/posts\/22995\/revisions"}],"predecessor-version":[{"id":24229,"href":"https:\/\/www.gruppofabbri.com\/fr\/wp-json\/wp\/v2\/posts\/22995\/revisions\/24229"}],"wp:featuredmedia":[{"embeddable":true,"href":"https:\/\/www.gruppofabbri.com\/fr\/wp-json\/wp\/v2\/media\/22988"}],"wp:attachment":[{"href":"https:\/\/www.gruppofabbri.com\/fr\/wp-json\/wp\/v2\/media?parent=22995"}],"wp:term":[{"taxonomy":"category","embeddable":true,"href":"https:\/\/www.gruppofabbri.com\/fr\/wp-json\/wp\/v2\/categories?post=22995"},{"taxonomy":"post_tag","embeddable":true,"href":"https:\/\/www.gruppofabbri.com\/fr\/wp-json\/wp\/v2\/tags?post=22995"}],"curies":[{"name":"wp","href":"https:\/\/api.w.org\/{rel}","templated":true}]}}