{"id":22756,"date":"2022-07-01T09:53:00","date_gmt":"2022-07-01T07:53:00","guid":{"rendered":"https:\/\/www.gruppofabbri.com\/gruppo-fabbri-partner-principale-di-eco-forum-2022\/"},"modified":"2023-03-29T15:32:51","modified_gmt":"2023-03-29T13:32:51","slug":"gruppo-fabbri-partner-principale-di-eco-forum-2022","status":"publish","type":"post","link":"https:\/\/www.gruppofabbri.com\/fr\/gruppo-fabbri-partner-principale-di-eco-forum-2022\/","title":{"rendered":"Fabbri Group, partenaire principal de l&rsquo;Eco Forum 2022"},"content":{"rendered":"<p><strong>CONSERVER SANS GASPILLER &#8211; L&rsquo;innovation et la durabilit\u00e9 au service de la protection et de la conservation des aliments<\/strong><\/p>\n<p><img decoding=\"async\" class=\"alignnone wp-image-22714 size-full lazyload\" data-src=\"https:\/\/www.gruppofabbri.com\/wp-content\/uploads\/2022\/07\/Ecoforum2022_STD-partner.png\" alt=\"\" width=\"2000\" height=\"1125\" data-srcset=\"https:\/\/www.gruppofabbri.com\/wp-content\/uploads\/2022\/07\/Ecoforum2022_STD-partner.png 2000w, https:\/\/www.gruppofabbri.com\/wp-content\/uploads\/2022\/07\/Ecoforum2022_STD-partner-300x169.png 300w, https:\/\/www.gruppofabbri.com\/wp-content\/uploads\/2022\/07\/Ecoforum2022_STD-partner-1024x576.png 1024w, https:\/\/www.gruppofabbri.com\/wp-content\/uploads\/2022\/07\/Ecoforum2022_STD-partner-768x432.png 768w, https:\/\/www.gruppofabbri.com\/wp-content\/uploads\/2022\/07\/Ecoforum2022_STD-partner-1536x864.png 1536w\" data-sizes=\"(max-width: 2000px) 100vw, 2000px\" src=\"data:image\/svg+xml;base64,PHN2ZyB3aWR0aD0iMSIgaGVpZ2h0PSIxIiB4bWxucz0iaHR0cDovL3d3dy53My5vcmcvMjAwMC9zdmciPjwvc3ZnPg==\" style=\"--smush-placeholder-width: 2000px; --smush-placeholder-aspect-ratio: 2000\/1125;\" \/><\/p>\n<p>Leader international dans la production et la vente de machines, de films et de logiciels pour l&#8217;emballage des aliments frais, Fabbri Group op\u00e8re dans tous les secteurs alimentaires en d\u00e9veloppant des solutions innovantes, <span style=\"text-decoration: line-through;\">s\u00fbres<\/span> et comp\u00e9titives dans la dur\u00e9e con\u00e7ues pour les besoins des industriels, des d\u00e9taillants et des et des propri\u00e9taires de marques, qui se caract\u00e9risent par le respect de l&rsquo;environnement, la protection des consommateurs et la pr\u00e9vention des d\u00e9chets.<\/p>\n<p>En 2019, Fabbri Group est devenu partenaire de Legambiente (la plus grande et la plus importante association environnementale d&rsquo;Italie). Le partenariat se poursuit aujourd&rsquo;hui \u00e0 l&rsquo;occasion de la 9e \u00e9dition d&rsquo;<strong>Eco Forum<\/strong> (Rome, 5-6.07.2022), la <strong>conf\u00e9rence nationale sur l&rsquo;\u00e9conomie circulaire<\/strong> organis\u00e9e par Legambiente, La Nuova Ecologia et Kyoto Club, en collaboration avec Conai et Conou, soutenue par Fabbri Group en tant que partenaire principal.<\/p>\n<p><strong>Le 6 juillet au matin<\/strong>, au cours de l&rsquo;\u00e9v\u00e9nement, <strong>Stefano Mele<\/strong> (PDG du groupe Fabbri), parlera de la fa\u00e7on de combiner la recherche et le d\u00e9veloppement, la durabilit\u00e9 environnementale et la conformit\u00e9 r\u00e9glementaire dans son discours \u00ab\u00a0<strong>Innovation et cha\u00eene de valeur dans le secteur de l&#8217;emballage alimentaire<\/strong>\u00a0\u00bb .<\/p>\n<p>Mele clarifiera des aspects parfois sous-estim\u00e9s du contexte de r\u00e9f\u00e9rence et illustrera l<strong>es strat\u00e9gies, les politiques de marketing et les meilleures pratiques<\/strong> qui ont permis au Groupe de r\u00e9pondre, en m\u00eame temps, aux exigences de productivit\u00e9 et de respect de l&rsquo;environnement des consommateurs, des entreprises clientes, des politiques et des institutions, en remportant \u00e9galement divers <strong>prix<\/strong> en Italie et \u00e0 l&rsquo;\u00e9tranger.<\/p>\n<p>Cliquez <a href=\"https:\/\/eco-forum.it\/programma-ecoforum-2022\/\" target=\"_blank\" rel=\"noopener\">ici<\/a> et lisez le programme de l&rsquo;\u00e9v\u00e9nement (en italien)<\/p>\n<p>Suivez le discours de Stefano Mele en streaming le matin du 6 juillet \u00e0 partir de 10h10 (l&rsquo;heure peut \u00eatre sujette \u00e0 changement) sur :<\/p>\n<ul>\n<li><a href=\"https:\/\/eco-forum.it\/\" target=\"_blank\" rel=\"noopener\">eco-forum.it<\/a><\/li>\n<li><a href=\"https:\/\/www.lanuovaecologia.it\/\" target=\"_blank\" rel=\"noopener\">lanuovaecologia.it<\/a><\/li>\n<\/ul>\n","protected":false},"excerpt":{"rendered":"<p>CONSERVER SANS GASPILLER &#8211; L&rsquo;innovation et la durabilit\u00e9 au service de la protection et de&#8230;<\/p>\n","protected":false},"author":2,"featured_media":22727,"comment_status":"closed","ping_status":"closed","sticky":false,"template":"","format":"standard","meta":{"footnotes":""},"categories":[182,184,186],"tags":[],"class_list":{"0":"post-22756","1":"post","2":"type-post","3":"status-publish","4":"format-standard","5":"has-post-thumbnail","7":"category-entreprise","8":"category-esg-fr","9":"category-evenements"},"yoast_head":"<!-- This site is optimized with the Yoast SEO plugin v27.4 - https:\/\/yoast.com\/product\/yoast-seo-wordpress\/ -->\n<title>Fabbri Group, partenaire principal de l&#039;Eco Forum 2022 - Gruppo Fabbri | Official WebSite<\/title>\n<meta name=\"robots\" content=\"index, follow, max-snippet:-1, max-image-preview:large, max-video-preview:-1\" \/>\n<link rel=\"canonical\" href=\"https:\/\/www.gruppofabbri.com\/fr\/gruppo-fabbri-partner-principale-di-eco-forum-2022\/\" \/>\n<meta property=\"og:locale\" content=\"fr_FR\" \/>\n<meta property=\"og:type\" content=\"article\" \/>\n<meta property=\"og:title\" content=\"Fabbri Group, partenaire principal de l&#039;Eco Forum 2022 - Gruppo Fabbri | Official WebSite\" \/>\n<meta property=\"og:description\" content=\"CONSERVER SANS GASPILLER &#8211; L&rsquo;innovation et la durabilit\u00e9 au service de la protection et de...\" \/>\n<meta property=\"og:url\" content=\"https:\/\/www.gruppofabbri.com\/fr\/gruppo-fabbri-partner-principale-di-eco-forum-2022\/\" \/>\n<meta property=\"og:site_name\" content=\"Gruppo Fabbri | Official WebSite\" \/>\n<meta property=\"article:published_time\" content=\"2022-07-01T07:53:00+00:00\" \/>\n<meta property=\"article:modified_time\" content=\"2023-03-29T13:32:51+00:00\" \/>\n<meta property=\"og:image\" content=\"https:\/\/www.gruppofabbri.com\/wp-content\/uploads\/2022\/07\/Fabbri.jpg\" \/>\n\t<meta property=\"og:image:width\" content=\"1813\" \/>\n\t<meta property=\"og:image:height\" content=\"681\" \/>\n\t<meta property=\"og:image:type\" content=\"image\/jpeg\" \/>\n<meta name=\"author\" content=\"Gruppo Fabbri\" \/>\n<meta name=\"twitter:card\" content=\"summary_large_image\" \/>\n<meta name=\"twitter:label1\" content=\"\u00c9crit par\" \/>\n\t<meta name=\"twitter:data1\" content=\"Gruppo Fabbri\" \/>\n\t<meta name=\"twitter:label2\" content=\"Dur\u00e9e de lecture estim\u00e9e\" \/>\n\t<meta name=\"twitter:data2\" content=\"2 minutes\" \/>\n<script type=\"application\/ld+json\" class=\"yoast-schema-graph\">{\"@context\":\"https:\\\/\\\/schema.org\",\"@graph\":[{\"@type\":\"Article\",\"@id\":\"https:\\\/\\\/www.gruppofabbri.com\\\/fr\\\/gruppo-fabbri-partner-principale-di-eco-forum-2022\\\/#article\",\"isPartOf\":{\"@id\":\"https:\\\/\\\/www.gruppofabbri.com\\\/fr\\\/gruppo-fabbri-partner-principale-di-eco-forum-2022\\\/\"},\"author\":{\"name\":\"Gruppo Fabbri\",\"@id\":\"https:\\\/\\\/www.gruppofabbri.com\\\/fr\\\/#\\\/schema\\\/person\\\/33cf2b03fc6e44ac72f18d728fe1d8ef\"},\"headline\":\"Fabbri Group, partenaire principal de l&rsquo;Eco Forum 2022\",\"datePublished\":\"2022-07-01T07:53:00+00:00\",\"dateModified\":\"2023-03-29T13:32:51+00:00\",\"mainEntityOfPage\":{\"@id\":\"https:\\\/\\\/www.gruppofabbri.com\\\/fr\\\/gruppo-fabbri-partner-principale-di-eco-forum-2022\\\/\"},\"wordCount\":340,\"image\":{\"@id\":\"https:\\\/\\\/www.gruppofabbri.com\\\/fr\\\/gruppo-fabbri-partner-principale-di-eco-forum-2022\\\/#primaryimage\"},\"thumbnailUrl\":\"https:\\\/\\\/www.gruppofabbri.com\\\/wp-content\\\/uploads\\\/2022\\\/07\\\/Fabbri.jpg\",\"articleSection\":[\"Entreprise\",\"ESG\",\"Ev\u00e9nements\"],\"inLanguage\":\"fr-FR\"},{\"@type\":\"WebPage\",\"@id\":\"https:\\\/\\\/www.gruppofabbri.com\\\/fr\\\/gruppo-fabbri-partner-principale-di-eco-forum-2022\\\/\",\"url\":\"https:\\\/\\\/www.gruppofabbri.com\\\/fr\\\/gruppo-fabbri-partner-principale-di-eco-forum-2022\\\/\",\"name\":\"Fabbri Group, partenaire principal de l'Eco Forum 2022 - Gruppo Fabbri | Official WebSite\",\"isPartOf\":{\"@id\":\"https:\\\/\\\/www.gruppofabbri.com\\\/fr\\\/#website\"},\"primaryImageOfPage\":{\"@id\":\"https:\\\/\\\/www.gruppofabbri.com\\\/fr\\\/gruppo-fabbri-partner-principale-di-eco-forum-2022\\\/#primaryimage\"},\"image\":{\"@id\":\"https:\\\/\\\/www.gruppofabbri.com\\\/fr\\\/gruppo-fabbri-partner-principale-di-eco-forum-2022\\\/#primaryimage\"},\"thumbnailUrl\":\"https:\\\/\\\/www.gruppofabbri.com\\\/wp-content\\\/uploads\\\/2022\\\/07\\\/Fabbri.jpg\",\"datePublished\":\"2022-07-01T07:53:00+00:00\",\"dateModified\":\"2023-03-29T13:32:51+00:00\",\"author\":{\"@id\":\"https:\\\/\\\/www.gruppofabbri.com\\\/fr\\\/#\\\/schema\\\/person\\\/33cf2b03fc6e44ac72f18d728fe1d8ef\"},\"breadcrumb\":{\"@id\":\"https:\\\/\\\/www.gruppofabbri.com\\\/fr\\\/gruppo-fabbri-partner-principale-di-eco-forum-2022\\\/#breadcrumb\"},\"inLanguage\":\"fr-FR\",\"potentialAction\":[{\"@type\":\"ReadAction\",\"target\":[\"https:\\\/\\\/www.gruppofabbri.com\\\/fr\\\/gruppo-fabbri-partner-principale-di-eco-forum-2022\\\/\"]}]},{\"@type\":\"ImageObject\",\"inLanguage\":\"fr-FR\",\"@id\":\"https:\\\/\\\/www.gruppofabbri.com\\\/fr\\\/gruppo-fabbri-partner-principale-di-eco-forum-2022\\\/#primaryimage\",\"url\":\"https:\\\/\\\/www.gruppofabbri.com\\\/wp-content\\\/uploads\\\/2022\\\/07\\\/Fabbri.jpg\",\"contentUrl\":\"https:\\\/\\\/www.gruppofabbri.com\\\/wp-content\\\/uploads\\\/2022\\\/07\\\/Fabbri.jpg\",\"width\":1813,\"height\":681},{\"@type\":\"BreadcrumbList\",\"@id\":\"https:\\\/\\\/www.gruppofabbri.com\\\/fr\\\/gruppo-fabbri-partner-principale-di-eco-forum-2022\\\/#breadcrumb\",\"itemListElement\":[]},{\"@type\":\"WebSite\",\"@id\":\"https:\\\/\\\/www.gruppofabbri.com\\\/fr\\\/#website\",\"url\":\"https:\\\/\\\/www.gruppofabbri.com\\\/fr\\\/\",\"name\":\"Gruppo Fabbri | Official WebSite\",\"description\":\"Macchine e Film per l&#039;imballaggio e confezionamento alimentare\",\"potentialAction\":[{\"@type\":\"SearchAction\",\"target\":{\"@type\":\"EntryPoint\",\"urlTemplate\":\"https:\\\/\\\/www.gruppofabbri.com\\\/fr\\\/?s={search_term_string}\"},\"query-input\":{\"@type\":\"PropertyValueSpecification\",\"valueRequired\":true,\"valueName\":\"search_term_string\"}}],\"inLanguage\":\"fr-FR\"},{\"@type\":\"Person\",\"@id\":\"https:\\\/\\\/www.gruppofabbri.com\\\/fr\\\/#\\\/schema\\\/person\\\/33cf2b03fc6e44ac72f18d728fe1d8ef\",\"name\":\"Gruppo Fabbri\",\"image\":{\"@type\":\"ImageObject\",\"inLanguage\":\"fr-FR\",\"@id\":\"https:\\\/\\\/secure.gravatar.com\\\/avatar\\\/2ea20aed01c949fd936ec2931e3e3543103e3e295d2997c8091910f331d19d95?s=96&d=mm&r=g\",\"url\":\"https:\\\/\\\/secure.gravatar.com\\\/avatar\\\/2ea20aed01c949fd936ec2931e3e3543103e3e295d2997c8091910f331d19d95?s=96&d=mm&r=g\",\"contentUrl\":\"https:\\\/\\\/secure.gravatar.com\\\/avatar\\\/2ea20aed01c949fd936ec2931e3e3543103e3e295d2997c8091910f331d19d95?s=96&d=mm&r=g\",\"caption\":\"Gruppo Fabbri\"},\"url\":\"https:\\\/\\\/www.gruppofabbri.com\\\/fr\\\/author\\\/gruppo-fabbri\\\/\"}]}<\/script>\n<!-- \/ Yoast SEO plugin. -->","yoast_head_json":{"title":"Fabbri Group, partenaire principal de l'Eco Forum 2022 - Gruppo Fabbri | Official WebSite","robots":{"index":"index","follow":"follow","max-snippet":"max-snippet:-1","max-image-preview":"max-image-preview:large","max-video-preview":"max-video-preview:-1"},"canonical":"https:\/\/www.gruppofabbri.com\/fr\/gruppo-fabbri-partner-principale-di-eco-forum-2022\/","og_locale":"fr_FR","og_type":"article","og_title":"Fabbri Group, partenaire principal de l'Eco Forum 2022 - Gruppo Fabbri | Official WebSite","og_description":"CONSERVER SANS GASPILLER &#8211; L&rsquo;innovation et la durabilit\u00e9 au service de la protection et de...","og_url":"https:\/\/www.gruppofabbri.com\/fr\/gruppo-fabbri-partner-principale-di-eco-forum-2022\/","og_site_name":"Gruppo Fabbri | Official WebSite","article_published_time":"2022-07-01T07:53:00+00:00","article_modified_time":"2023-03-29T13:32:51+00:00","og_image":[{"width":1813,"height":681,"url":"https:\/\/www.gruppofabbri.com\/wp-content\/uploads\/2022\/07\/Fabbri.jpg","type":"image\/jpeg"}],"author":"Gruppo Fabbri","twitter_card":"summary_large_image","twitter_misc":{"\u00c9crit par":"Gruppo Fabbri","Dur\u00e9e de lecture estim\u00e9e":"2 minutes"},"schema":{"@context":"https:\/\/schema.org","@graph":[{"@type":"Article","@id":"https:\/\/www.gruppofabbri.com\/fr\/gruppo-fabbri-partner-principale-di-eco-forum-2022\/#article","isPartOf":{"@id":"https:\/\/www.gruppofabbri.com\/fr\/gruppo-fabbri-partner-principale-di-eco-forum-2022\/"},"author":{"name":"Gruppo Fabbri","@id":"https:\/\/www.gruppofabbri.com\/fr\/#\/schema\/person\/33cf2b03fc6e44ac72f18d728fe1d8ef"},"headline":"Fabbri Group, partenaire principal de l&rsquo;Eco Forum 2022","datePublished":"2022-07-01T07:53:00+00:00","dateModified":"2023-03-29T13:32:51+00:00","mainEntityOfPage":{"@id":"https:\/\/www.gruppofabbri.com\/fr\/gruppo-fabbri-partner-principale-di-eco-forum-2022\/"},"wordCount":340,"image":{"@id":"https:\/\/www.gruppofabbri.com\/fr\/gruppo-fabbri-partner-principale-di-eco-forum-2022\/#primaryimage"},"thumbnailUrl":"https:\/\/www.gruppofabbri.com\/wp-content\/uploads\/2022\/07\/Fabbri.jpg","articleSection":["Entreprise","ESG","Ev\u00e9nements"],"inLanguage":"fr-FR"},{"@type":"WebPage","@id":"https:\/\/www.gruppofabbri.com\/fr\/gruppo-fabbri-partner-principale-di-eco-forum-2022\/","url":"https:\/\/www.gruppofabbri.com\/fr\/gruppo-fabbri-partner-principale-di-eco-forum-2022\/","name":"Fabbri Group, partenaire principal de l'Eco Forum 2022 - Gruppo Fabbri | Official WebSite","isPartOf":{"@id":"https:\/\/www.gruppofabbri.com\/fr\/#website"},"primaryImageOfPage":{"@id":"https:\/\/www.gruppofabbri.com\/fr\/gruppo-fabbri-partner-principale-di-eco-forum-2022\/#primaryimage"},"image":{"@id":"https:\/\/www.gruppofabbri.com\/fr\/gruppo-fabbri-partner-principale-di-eco-forum-2022\/#primaryimage"},"thumbnailUrl":"https:\/\/www.gruppofabbri.com\/wp-content\/uploads\/2022\/07\/Fabbri.jpg","datePublished":"2022-07-01T07:53:00+00:00","dateModified":"2023-03-29T13:32:51+00:00","author":{"@id":"https:\/\/www.gruppofabbri.com\/fr\/#\/schema\/person\/33cf2b03fc6e44ac72f18d728fe1d8ef"},"breadcrumb":{"@id":"https:\/\/www.gruppofabbri.com\/fr\/gruppo-fabbri-partner-principale-di-eco-forum-2022\/#breadcrumb"},"inLanguage":"fr-FR","potentialAction":[{"@type":"ReadAction","target":["https:\/\/www.gruppofabbri.com\/fr\/gruppo-fabbri-partner-principale-di-eco-forum-2022\/"]}]},{"@type":"ImageObject","inLanguage":"fr-FR","@id":"https:\/\/www.gruppofabbri.com\/fr\/gruppo-fabbri-partner-principale-di-eco-forum-2022\/#primaryimage","url":"https:\/\/www.gruppofabbri.com\/wp-content\/uploads\/2022\/07\/Fabbri.jpg","contentUrl":"https:\/\/www.gruppofabbri.com\/wp-content\/uploads\/2022\/07\/Fabbri.jpg","width":1813,"height":681},{"@type":"BreadcrumbList","@id":"https:\/\/www.gruppofabbri.com\/fr\/gruppo-fabbri-partner-principale-di-eco-forum-2022\/#breadcrumb","itemListElement":[]},{"@type":"WebSite","@id":"https:\/\/www.gruppofabbri.com\/fr\/#website","url":"https:\/\/www.gruppofabbri.com\/fr\/","name":"Gruppo Fabbri | Official WebSite","description":"Macchine e Film per l&#039;imballaggio e confezionamento alimentare","potentialAction":[{"@type":"SearchAction","target":{"@type":"EntryPoint","urlTemplate":"https:\/\/www.gruppofabbri.com\/fr\/?s={search_term_string}"},"query-input":{"@type":"PropertyValueSpecification","valueRequired":true,"valueName":"search_term_string"}}],"inLanguage":"fr-FR"},{"@type":"Person","@id":"https:\/\/www.gruppofabbri.com\/fr\/#\/schema\/person\/33cf2b03fc6e44ac72f18d728fe1d8ef","name":"Gruppo Fabbri","image":{"@type":"ImageObject","inLanguage":"fr-FR","@id":"https:\/\/secure.gravatar.com\/avatar\/2ea20aed01c949fd936ec2931e3e3543103e3e295d2997c8091910f331d19d95?s=96&d=mm&r=g","url":"https:\/\/secure.gravatar.com\/avatar\/2ea20aed01c949fd936ec2931e3e3543103e3e295d2997c8091910f331d19d95?s=96&d=mm&r=g","contentUrl":"https:\/\/secure.gravatar.com\/avatar\/2ea20aed01c949fd936ec2931e3e3543103e3e295d2997c8091910f331d19d95?s=96&d=mm&r=g","caption":"Gruppo Fabbri"},"url":"https:\/\/www.gruppofabbri.com\/fr\/author\/gruppo-fabbri\/"}]}},"_links":{"self":[{"href":"https:\/\/www.gruppofabbri.com\/fr\/wp-json\/wp\/v2\/posts\/22756","targetHints":{"allow":["GET"]}}],"collection":[{"href":"https:\/\/www.gruppofabbri.com\/fr\/wp-json\/wp\/v2\/posts"}],"about":[{"href":"https:\/\/www.gruppofabbri.com\/fr\/wp-json\/wp\/v2\/types\/post"}],"author":[{"embeddable":true,"href":"https:\/\/www.gruppofabbri.com\/fr\/wp-json\/wp\/v2\/users\/2"}],"replies":[{"embeddable":true,"href":"https:\/\/www.gruppofabbri.com\/fr\/wp-json\/wp\/v2\/comments?post=22756"}],"version-history":[{"count":3,"href":"https:\/\/www.gruppofabbri.com\/fr\/wp-json\/wp\/v2\/posts\/22756\/revisions"}],"predecessor-version":[{"id":24234,"href":"https:\/\/www.gruppofabbri.com\/fr\/wp-json\/wp\/v2\/posts\/22756\/revisions\/24234"}],"wp:featuredmedia":[{"embeddable":true,"href":"https:\/\/www.gruppofabbri.com\/fr\/wp-json\/wp\/v2\/media\/22727"}],"wp:attachment":[{"href":"https:\/\/www.gruppofabbri.com\/fr\/wp-json\/wp\/v2\/media?parent=22756"}],"wp:term":[{"taxonomy":"category","embeddable":true,"href":"https:\/\/www.gruppofabbri.com\/fr\/wp-json\/wp\/v2\/categories?post=22756"},{"taxonomy":"post_tag","embeddable":true,"href":"https:\/\/www.gruppofabbri.com\/fr\/wp-json\/wp\/v2\/tags?post=22756"}],"curies":[{"name":"wp","href":"https:\/\/api.w.org\/{rel}","templated":true}]}}