{"id":22478,"date":"2022-06-17T09:34:43","date_gmt":"2022-06-17T07:34:43","guid":{"rendered":"https:\/\/www.gruppofabbri.com\/biopolymer-innovation-award-to-fabbri-group-one-year-later\/"},"modified":"2024-10-09T13:03:32","modified_gmt":"2024-10-09T11:03:32","slug":"biopolymer-innovation-award-to-fabbri-group-one-year-later","status":"publish","type":"post","link":"https:\/\/www.gruppofabbri.com\/fr\/biopolymer-innovation-award-to-fabbri-group-one-year-later\/","title":{"rendered":"Le prix de l&rsquo;innovation en mati\u00e8re de biopolym\u00e8res d\u00e9cern\u00e9 au Fabbri Group un an plus tard"},"content":{"rendered":"<p>Pendant le Congr\u00e8s Biopolym\u00e8re, Stefano Mele, PDG du Fabbri Group, parle de l&rsquo;\u00e9volution du <strong>projet Nature Fresh<\/strong>, la solution d&#8217;emballage compostable gagnante de l&rsquo;ann\u00e9e derni\u00e8re, et anticipe les innovations <strong>Fabbri<\/strong> \u00e0 venir pour l&#8217;emballage MAP.<\/p>\n<div class=\"ExternalClass670BAC8DF66148A9B20E32334E9E4A5E\">\n<p style=\"text-align: center;\">\n<iframe style=\"display:block;margin:0 auto;\" data-cookieconsent=\"marketing\" data-cookieblock-src=\"\/\/www.youtube-nocookie.com\/embed\/1-Y_sZqG1Qw?rel=0&amp;modestbranding=1&amp;showinfo=0\" width=\"500\" height=\"390\" frameborder=\"0\" allowfullscreen=\"allowfullscreen\"><\/iframe>\n<\/p>\n<\/div>\n<p>Nature Fresh est un film alimentaire compostable destin\u00e9 \u00e0 l&#8217;emballage manuel et automatique des aliments frais. Apr\u00e8s utilisation, Nature Fresh peut \u00eatre compost\u00e9 \u00e0 domicile ou dans des installations de compostage industriel conform\u00e9ment \u00e0 la norme europ\u00e9enne (EN 13432).<\/p>\n<ul>\n<li>Pour en savoir plus sur le film alimentaire compostable certifi\u00e9 Nature Fresh : <a href=\"https:\/\/www.gruppofabbri.com\/prodotti\/film-e-pellicole\/pellicole-compostabili-biobased\/nature-fresh\/\" target=\"_blank\" rel=\"noopener\">https:\/\/www.gruppofabbri.com\/prodotti\/film-e-pellicole\/pellicole-compostabili-biobased\/nature-fresh\/<\/a><\/li>\n<li>Contactez notre \u00e9quipe commerciale pour plus d&rsquo;informations : <a href=\"mailto:sales@gruppofabbri.com\">sales@gruppofabbri.com<\/a><\/li>\n<\/ul>\n","protected":false},"excerpt":{"rendered":"<p>Pendant le Congr\u00e8s Biopolym\u00e8re, Stefano Mele, PDG du Fabbri Group, parle de l&rsquo;\u00e9volution du projet&#8230;<\/p>\n","protected":false},"author":2,"featured_media":22473,"comment_status":"closed","ping_status":"closed","sticky":false,"template":"","format":"standard","meta":{"footnotes":""},"categories":[184,188,179],"tags":[],"class_list":{"0":"post-22478","1":"post","2":"type-post","3":"status-publish","4":"format-standard","5":"has-post-thumbnail","7":"category-esg-fr","8":"category-produit","9":"category-succes"},"yoast_head":"<!-- This site is optimized with the Yoast SEO plugin v27.4 - https:\/\/yoast.com\/product\/yoast-seo-wordpress\/ -->\n<title>Le prix de l&#039;innovation en mati\u00e8re de biopolym\u00e8res d\u00e9cern\u00e9 au Fabbri Group un an plus tard - Gruppo Fabbri | Official WebSite<\/title>\n<meta name=\"robots\" content=\"index, follow, max-snippet:-1, max-image-preview:large, max-video-preview:-1\" \/>\n<link rel=\"canonical\" href=\"https:\/\/www.gruppofabbri.com\/fr\/biopolymer-innovation-award-to-fabbri-group-one-year-later\/\" \/>\n<meta property=\"og:locale\" content=\"fr_FR\" \/>\n<meta property=\"og:type\" content=\"article\" \/>\n<meta property=\"og:title\" content=\"Le prix de l&#039;innovation en mati\u00e8re de biopolym\u00e8res d\u00e9cern\u00e9 au Fabbri Group un an plus tard - Gruppo Fabbri | Official WebSite\" \/>\n<meta property=\"og:description\" content=\"Pendant le Congr\u00e8s Biopolym\u00e8re, Stefano Mele, PDG du Fabbri Group, parle de l&rsquo;\u00e9volution du projet...\" \/>\n<meta property=\"og:url\" content=\"https:\/\/www.gruppofabbri.com\/fr\/biopolymer-innovation-award-to-fabbri-group-one-year-later\/\" \/>\n<meta property=\"og:site_name\" content=\"Gruppo Fabbri | Official WebSite\" \/>\n<meta property=\"article:published_time\" content=\"2022-06-17T07:34:43+00:00\" \/>\n<meta property=\"article:modified_time\" content=\"2024-10-09T11:03:32+00:00\" \/>\n<meta property=\"og:image\" content=\"https:\/\/www.gruppofabbri.com\/wp-content\/uploads\/2022\/06\/one-year-later-with2.png\" \/>\n\t<meta property=\"og:image:width\" content=\"1600\" \/>\n\t<meta property=\"og:image:height\" content=\"700\" \/>\n\t<meta property=\"og:image:type\" content=\"image\/png\" \/>\n<meta name=\"author\" content=\"Gruppo Fabbri\" \/>\n<meta name=\"twitter:card\" content=\"summary_large_image\" \/>\n<meta name=\"twitter:label1\" content=\"\u00c9crit par\" \/>\n\t<meta name=\"twitter:data1\" content=\"Gruppo Fabbri\" \/>\n\t<meta name=\"twitter:label2\" content=\"Dur\u00e9e de lecture estim\u00e9e\" \/>\n\t<meta name=\"twitter:data2\" content=\"1 minute\" \/>\n<script type=\"application\/ld+json\" class=\"yoast-schema-graph\">{\"@context\":\"https:\\\/\\\/schema.org\",\"@graph\":[{\"@type\":\"Article\",\"@id\":\"https:\\\/\\\/www.gruppofabbri.com\\\/fr\\\/biopolymer-innovation-award-to-fabbri-group-one-year-later\\\/#article\",\"isPartOf\":{\"@id\":\"https:\\\/\\\/www.gruppofabbri.com\\\/fr\\\/biopolymer-innovation-award-to-fabbri-group-one-year-later\\\/\"},\"author\":{\"name\":\"Gruppo Fabbri\",\"@id\":\"https:\\\/\\\/www.gruppofabbri.com\\\/fr\\\/#\\\/schema\\\/person\\\/33cf2b03fc6e44ac72f18d728fe1d8ef\"},\"headline\":\"Le prix de l&rsquo;innovation en mati\u00e8re de biopolym\u00e8res d\u00e9cern\u00e9 au Fabbri Group un an plus tard\",\"datePublished\":\"2022-06-17T07:34:43+00:00\",\"dateModified\":\"2024-10-09T11:03:32+00:00\",\"mainEntityOfPage\":{\"@id\":\"https:\\\/\\\/www.gruppofabbri.com\\\/fr\\\/biopolymer-innovation-award-to-fabbri-group-one-year-later\\\/\"},\"wordCount\":132,\"image\":{\"@id\":\"https:\\\/\\\/www.gruppofabbri.com\\\/fr\\\/biopolymer-innovation-award-to-fabbri-group-one-year-later\\\/#primaryimage\"},\"thumbnailUrl\":\"https:\\\/\\\/www.gruppofabbri.com\\\/wp-content\\\/uploads\\\/2022\\\/06\\\/one-year-later-with2.png\",\"articleSection\":[\"ESG\",\"Produit\",\"Succ\u00e8s\"],\"inLanguage\":\"fr-FR\"},{\"@type\":\"WebPage\",\"@id\":\"https:\\\/\\\/www.gruppofabbri.com\\\/fr\\\/biopolymer-innovation-award-to-fabbri-group-one-year-later\\\/\",\"url\":\"https:\\\/\\\/www.gruppofabbri.com\\\/fr\\\/biopolymer-innovation-award-to-fabbri-group-one-year-later\\\/\",\"name\":\"Le prix de l'innovation en mati\u00e8re de biopolym\u00e8res d\u00e9cern\u00e9 au Fabbri Group un an plus tard - Gruppo Fabbri | Official WebSite\",\"isPartOf\":{\"@id\":\"https:\\\/\\\/www.gruppofabbri.com\\\/fr\\\/#website\"},\"primaryImageOfPage\":{\"@id\":\"https:\\\/\\\/www.gruppofabbri.com\\\/fr\\\/biopolymer-innovation-award-to-fabbri-group-one-year-later\\\/#primaryimage\"},\"image\":{\"@id\":\"https:\\\/\\\/www.gruppofabbri.com\\\/fr\\\/biopolymer-innovation-award-to-fabbri-group-one-year-later\\\/#primaryimage\"},\"thumbnailUrl\":\"https:\\\/\\\/www.gruppofabbri.com\\\/wp-content\\\/uploads\\\/2022\\\/06\\\/one-year-later-with2.png\",\"datePublished\":\"2022-06-17T07:34:43+00:00\",\"dateModified\":\"2024-10-09T11:03:32+00:00\",\"author\":{\"@id\":\"https:\\\/\\\/www.gruppofabbri.com\\\/fr\\\/#\\\/schema\\\/person\\\/33cf2b03fc6e44ac72f18d728fe1d8ef\"},\"breadcrumb\":{\"@id\":\"https:\\\/\\\/www.gruppofabbri.com\\\/fr\\\/biopolymer-innovation-award-to-fabbri-group-one-year-later\\\/#breadcrumb\"},\"inLanguage\":\"fr-FR\",\"potentialAction\":[{\"@type\":\"ReadAction\",\"target\":[\"https:\\\/\\\/www.gruppofabbri.com\\\/fr\\\/biopolymer-innovation-award-to-fabbri-group-one-year-later\\\/\"]}]},{\"@type\":\"ImageObject\",\"inLanguage\":\"fr-FR\",\"@id\":\"https:\\\/\\\/www.gruppofabbri.com\\\/fr\\\/biopolymer-innovation-award-to-fabbri-group-one-year-later\\\/#primaryimage\",\"url\":\"https:\\\/\\\/www.gruppofabbri.com\\\/wp-content\\\/uploads\\\/2022\\\/06\\\/one-year-later-with2.png\",\"contentUrl\":\"https:\\\/\\\/www.gruppofabbri.com\\\/wp-content\\\/uploads\\\/2022\\\/06\\\/one-year-later-with2.png\",\"width\":1600,\"height\":700,\"caption\":\"Fabbri_Group-Biopolymer_Innovation_Award\"},{\"@type\":\"BreadcrumbList\",\"@id\":\"https:\\\/\\\/www.gruppofabbri.com\\\/fr\\\/biopolymer-innovation-award-to-fabbri-group-one-year-later\\\/#breadcrumb\",\"itemListElement\":[]},{\"@type\":\"WebSite\",\"@id\":\"https:\\\/\\\/www.gruppofabbri.com\\\/fr\\\/#website\",\"url\":\"https:\\\/\\\/www.gruppofabbri.com\\\/fr\\\/\",\"name\":\"Gruppo Fabbri | Official WebSite\",\"description\":\"Macchine e Film per l&#039;imballaggio e confezionamento alimentare\",\"potentialAction\":[{\"@type\":\"SearchAction\",\"target\":{\"@type\":\"EntryPoint\",\"urlTemplate\":\"https:\\\/\\\/www.gruppofabbri.com\\\/fr\\\/?s={search_term_string}\"},\"query-input\":{\"@type\":\"PropertyValueSpecification\",\"valueRequired\":true,\"valueName\":\"search_term_string\"}}],\"inLanguage\":\"fr-FR\"},{\"@type\":\"Person\",\"@id\":\"https:\\\/\\\/www.gruppofabbri.com\\\/fr\\\/#\\\/schema\\\/person\\\/33cf2b03fc6e44ac72f18d728fe1d8ef\",\"name\":\"Gruppo Fabbri\",\"image\":{\"@type\":\"ImageObject\",\"inLanguage\":\"fr-FR\",\"@id\":\"https:\\\/\\\/secure.gravatar.com\\\/avatar\\\/2ea20aed01c949fd936ec2931e3e3543103e3e295d2997c8091910f331d19d95?s=96&d=mm&r=g\",\"url\":\"https:\\\/\\\/secure.gravatar.com\\\/avatar\\\/2ea20aed01c949fd936ec2931e3e3543103e3e295d2997c8091910f331d19d95?s=96&d=mm&r=g\",\"contentUrl\":\"https:\\\/\\\/secure.gravatar.com\\\/avatar\\\/2ea20aed01c949fd936ec2931e3e3543103e3e295d2997c8091910f331d19d95?s=96&d=mm&r=g\",\"caption\":\"Gruppo Fabbri\"},\"url\":\"https:\\\/\\\/www.gruppofabbri.com\\\/fr\\\/author\\\/gruppo-fabbri\\\/\"}]}<\/script>\n<!-- \/ Yoast SEO plugin. -->","yoast_head_json":{"title":"Le prix de l'innovation en mati\u00e8re de biopolym\u00e8res d\u00e9cern\u00e9 au Fabbri Group un an plus tard - Gruppo Fabbri | Official WebSite","robots":{"index":"index","follow":"follow","max-snippet":"max-snippet:-1","max-image-preview":"max-image-preview:large","max-video-preview":"max-video-preview:-1"},"canonical":"https:\/\/www.gruppofabbri.com\/fr\/biopolymer-innovation-award-to-fabbri-group-one-year-later\/","og_locale":"fr_FR","og_type":"article","og_title":"Le prix de l'innovation en mati\u00e8re de biopolym\u00e8res d\u00e9cern\u00e9 au Fabbri Group un an plus tard - Gruppo Fabbri | Official WebSite","og_description":"Pendant le Congr\u00e8s Biopolym\u00e8re, Stefano Mele, PDG du Fabbri Group, parle de l&rsquo;\u00e9volution du projet...","og_url":"https:\/\/www.gruppofabbri.com\/fr\/biopolymer-innovation-award-to-fabbri-group-one-year-later\/","og_site_name":"Gruppo Fabbri | Official WebSite","article_published_time":"2022-06-17T07:34:43+00:00","article_modified_time":"2024-10-09T11:03:32+00:00","og_image":[{"width":1600,"height":700,"url":"https:\/\/www.gruppofabbri.com\/wp-content\/uploads\/2022\/06\/one-year-later-with2.png","type":"image\/png"}],"author":"Gruppo Fabbri","twitter_card":"summary_large_image","twitter_misc":{"\u00c9crit par":"Gruppo Fabbri","Dur\u00e9e de lecture estim\u00e9e":"1 minute"},"schema":{"@context":"https:\/\/schema.org","@graph":[{"@type":"Article","@id":"https:\/\/www.gruppofabbri.com\/fr\/biopolymer-innovation-award-to-fabbri-group-one-year-later\/#article","isPartOf":{"@id":"https:\/\/www.gruppofabbri.com\/fr\/biopolymer-innovation-award-to-fabbri-group-one-year-later\/"},"author":{"name":"Gruppo Fabbri","@id":"https:\/\/www.gruppofabbri.com\/fr\/#\/schema\/person\/33cf2b03fc6e44ac72f18d728fe1d8ef"},"headline":"Le prix de l&rsquo;innovation en mati\u00e8re de biopolym\u00e8res d\u00e9cern\u00e9 au Fabbri Group un an plus tard","datePublished":"2022-06-17T07:34:43+00:00","dateModified":"2024-10-09T11:03:32+00:00","mainEntityOfPage":{"@id":"https:\/\/www.gruppofabbri.com\/fr\/biopolymer-innovation-award-to-fabbri-group-one-year-later\/"},"wordCount":132,"image":{"@id":"https:\/\/www.gruppofabbri.com\/fr\/biopolymer-innovation-award-to-fabbri-group-one-year-later\/#primaryimage"},"thumbnailUrl":"https:\/\/www.gruppofabbri.com\/wp-content\/uploads\/2022\/06\/one-year-later-with2.png","articleSection":["ESG","Produit","Succ\u00e8s"],"inLanguage":"fr-FR"},{"@type":"WebPage","@id":"https:\/\/www.gruppofabbri.com\/fr\/biopolymer-innovation-award-to-fabbri-group-one-year-later\/","url":"https:\/\/www.gruppofabbri.com\/fr\/biopolymer-innovation-award-to-fabbri-group-one-year-later\/","name":"Le prix de l'innovation en mati\u00e8re de biopolym\u00e8res d\u00e9cern\u00e9 au Fabbri Group un an plus tard - Gruppo Fabbri | Official WebSite","isPartOf":{"@id":"https:\/\/www.gruppofabbri.com\/fr\/#website"},"primaryImageOfPage":{"@id":"https:\/\/www.gruppofabbri.com\/fr\/biopolymer-innovation-award-to-fabbri-group-one-year-later\/#primaryimage"},"image":{"@id":"https:\/\/www.gruppofabbri.com\/fr\/biopolymer-innovation-award-to-fabbri-group-one-year-later\/#primaryimage"},"thumbnailUrl":"https:\/\/www.gruppofabbri.com\/wp-content\/uploads\/2022\/06\/one-year-later-with2.png","datePublished":"2022-06-17T07:34:43+00:00","dateModified":"2024-10-09T11:03:32+00:00","author":{"@id":"https:\/\/www.gruppofabbri.com\/fr\/#\/schema\/person\/33cf2b03fc6e44ac72f18d728fe1d8ef"},"breadcrumb":{"@id":"https:\/\/www.gruppofabbri.com\/fr\/biopolymer-innovation-award-to-fabbri-group-one-year-later\/#breadcrumb"},"inLanguage":"fr-FR","potentialAction":[{"@type":"ReadAction","target":["https:\/\/www.gruppofabbri.com\/fr\/biopolymer-innovation-award-to-fabbri-group-one-year-later\/"]}]},{"@type":"ImageObject","inLanguage":"fr-FR","@id":"https:\/\/www.gruppofabbri.com\/fr\/biopolymer-innovation-award-to-fabbri-group-one-year-later\/#primaryimage","url":"https:\/\/www.gruppofabbri.com\/wp-content\/uploads\/2022\/06\/one-year-later-with2.png","contentUrl":"https:\/\/www.gruppofabbri.com\/wp-content\/uploads\/2022\/06\/one-year-later-with2.png","width":1600,"height":700,"caption":"Fabbri_Group-Biopolymer_Innovation_Award"},{"@type":"BreadcrumbList","@id":"https:\/\/www.gruppofabbri.com\/fr\/biopolymer-innovation-award-to-fabbri-group-one-year-later\/#breadcrumb","itemListElement":[]},{"@type":"WebSite","@id":"https:\/\/www.gruppofabbri.com\/fr\/#website","url":"https:\/\/www.gruppofabbri.com\/fr\/","name":"Gruppo Fabbri | Official WebSite","description":"Macchine e Film per l&#039;imballaggio e confezionamento alimentare","potentialAction":[{"@type":"SearchAction","target":{"@type":"EntryPoint","urlTemplate":"https:\/\/www.gruppofabbri.com\/fr\/?s={search_term_string}"},"query-input":{"@type":"PropertyValueSpecification","valueRequired":true,"valueName":"search_term_string"}}],"inLanguage":"fr-FR"},{"@type":"Person","@id":"https:\/\/www.gruppofabbri.com\/fr\/#\/schema\/person\/33cf2b03fc6e44ac72f18d728fe1d8ef","name":"Gruppo Fabbri","image":{"@type":"ImageObject","inLanguage":"fr-FR","@id":"https:\/\/secure.gravatar.com\/avatar\/2ea20aed01c949fd936ec2931e3e3543103e3e295d2997c8091910f331d19d95?s=96&d=mm&r=g","url":"https:\/\/secure.gravatar.com\/avatar\/2ea20aed01c949fd936ec2931e3e3543103e3e295d2997c8091910f331d19d95?s=96&d=mm&r=g","contentUrl":"https:\/\/secure.gravatar.com\/avatar\/2ea20aed01c949fd936ec2931e3e3543103e3e295d2997c8091910f331d19d95?s=96&d=mm&r=g","caption":"Gruppo Fabbri"},"url":"https:\/\/www.gruppofabbri.com\/fr\/author\/gruppo-fabbri\/"}]}},"_links":{"self":[{"href":"https:\/\/www.gruppofabbri.com\/fr\/wp-json\/wp\/v2\/posts\/22478","targetHints":{"allow":["GET"]}}],"collection":[{"href":"https:\/\/www.gruppofabbri.com\/fr\/wp-json\/wp\/v2\/posts"}],"about":[{"href":"https:\/\/www.gruppofabbri.com\/fr\/wp-json\/wp\/v2\/types\/post"}],"author":[{"embeddable":true,"href":"https:\/\/www.gruppofabbri.com\/fr\/wp-json\/wp\/v2\/users\/2"}],"replies":[{"embeddable":true,"href":"https:\/\/www.gruppofabbri.com\/fr\/wp-json\/wp\/v2\/comments?post=22478"}],"version-history":[{"count":3,"href":"https:\/\/www.gruppofabbri.com\/fr\/wp-json\/wp\/v2\/posts\/22478\/revisions"}],"predecessor-version":[{"id":28515,"href":"https:\/\/www.gruppofabbri.com\/fr\/wp-json\/wp\/v2\/posts\/22478\/revisions\/28515"}],"wp:featuredmedia":[{"embeddable":true,"href":"https:\/\/www.gruppofabbri.com\/fr\/wp-json\/wp\/v2\/media\/22473"}],"wp:attachment":[{"href":"https:\/\/www.gruppofabbri.com\/fr\/wp-json\/wp\/v2\/media?parent=22478"}],"wp:term":[{"taxonomy":"category","embeddable":true,"href":"https:\/\/www.gruppofabbri.com\/fr\/wp-json\/wp\/v2\/categories?post=22478"},{"taxonomy":"post_tag","embeddable":true,"href":"https:\/\/www.gruppofabbri.com\/fr\/wp-json\/wp\/v2\/tags?post=22478"}],"curies":[{"name":"wp","href":"https:\/\/api.w.org\/{rel}","templated":true}]}}